{"id":30714,"date":"2020-08-26T16:23:37","date_gmt":"2020-08-26T21:23:37","guid":{"rendered":"http:\/\/34.70.206.201\/cejume\/wp\/?p=30714"},"modified":"2022-02-16T00:10:40","modified_gmt":"2022-02-16T06:10:40","slug":"firma-de-anexo-tecnico-del-convenio-de-colaboracion-con-la-fiscalia-de-san-luis-potosi","status":"publish","type":"post","link":"https:\/\/cejume.mx\/index.php\/2020\/08\/26\/firma-de-anexo-tecnico-del-convenio-de-colaboracion-con-la-fiscalia-de-san-luis-potosi\/","title":{"rendered":"Firma de Anexo T\u00e9cnico del Convenio de Colaboraci\u00f3n con la Fiscal\u00eda de San Luis Potos\u00ed"},"content":{"rendered":"\t\t<div data-elementor-type=\"wp-post\" data-elementor-id=\"30714\" class=\"elementor elementor-30714\" data-elementor-post-type=\"post\">\n\t\t\t\t\t\t<div class=\"elementor-inner\">\n\t\t\t\t<div class=\"elementor-section-wrap\">\n\t\t\t\t\t\t\t\t\t<section class=\"elementor-section elementor-top-section elementor-element elementor-element-d96565e elementor-section-boxed elementor-section-height-default elementor-section-height-default neuron-fixed-no\" data-id=\"d96565e\" data-element_type=\"section\" data-settings=\"{&quot;background_background&quot;:&quot;classic&quot;}\">\n\t\t\t\t\t\t\t<div class=\"elementor-background-overlay\"><\/div>\n\t\t\t\t\t\t\t<div class=\"elementor-container elementor-column-gap-default\">\n\t\t\t\t\t\t\t<div class=\"elementor-row\">\n\t\t\t\t\t<div class=\"elementor-column elementor-col-100 elementor-top-column elementor-element elementor-element-493f6a7\" data-id=\"493f6a7\" data-element_type=\"column\">\n\t\t\t<div class=\"elementor-column-wrap elementor-element-populated\">\n\t\t\t\t\t\t\t<div class=\"elementor-widget-wrap\">\n\t\t\t\t\t\t<div class=\"elementor-element elementor-element-ce777a0 elementor-widget elementor-widget-spacer\" data-id=\"ce777a0\" data-element_type=\"widget\" data-widget_type=\"spacer.default\">\n\t\t\t\t<div class=\"elementor-widget-container\">\n\t\t\t\t\t<div class=\"elementor-spacer\">\n\t\t\t<div class=\"elementor-spacer-inner\"><\/div>\n\t\t<\/div>\n\t\t\t\t<\/div>\n\t\t\t\t<\/div>\n\t\t\t\t<section class=\"elementor-section elementor-inner-section elementor-element elementor-element-e0959ce elementor-section-boxed elementor-section-height-default elementor-section-height-default neuron-fixed-no\" data-id=\"e0959ce\" data-element_type=\"section\">\n\t\t\t\t\t\t<div class=\"elementor-container elementor-column-gap-default\">\n\t\t\t\t\t\t\t<div class=\"elementor-row\">\n\t\t\t\t\t<div class=\"elementor-column elementor-col-33 elementor-inner-column elementor-element elementor-element-ae26ac0\" data-id=\"ae26ac0\" data-element_type=\"column\">\n\t\t\t<div class=\"elementor-column-wrap elementor-element-populated\">\n\t\t\t\t\t\t\t<div class=\"elementor-widget-wrap\">\n\t\t\t\t\t\t<div class=\"elementor-element elementor-element-2a96031 elementor-widget elementor-widget-image\" data-id=\"2a96031\" data-element_type=\"widget\" data-widget_type=\"image.default\">\n\t\t\t\t<div class=\"elementor-widget-container\">\n\t\t\t\t\t\t\t\t<div class=\"elementor-image\">\n\t\t\t\t\t\t\t\t\t\t\t\t<img decoding=\"async\" width=\"653\" height=\"248\" src=\"https:\/\/cejume.mx\/wp\/wp-content\/uploads\/2020\/07\/CEJUME-LOGO.png\" class=\"attachment-large size-large wp-image-30501\" alt=\"\" srcset=\"https:\/\/cejume.mx\/wp\/wp-content\/uploads\/2020\/07\/CEJUME-LOGO.png 653w, https:\/\/cejume.mx\/wp\/wp-content\/uploads\/2020\/07\/CEJUME-LOGO-300x114.png 300w, https:\/\/cejume.mx\/wp\/wp-content\/uploads\/2020\/07\/CEJUME-LOGO-600x228.png 600w\" sizes=\"(max-width: 653px) 100vw, 653px\" \/>\t\t\t\t\t\t\t\t\t\t\t\t\t\t<\/div>\n\t\t\t\t\t\t<\/div>\n\t\t\t\t<\/div>\n\t\t\t\t\t\t<\/div>\n\t\t\t\t\t<\/div>\n\t\t<\/div>\n\t\t\t\t<div class=\"elementor-column elementor-col-33 elementor-inner-column elementor-element elementor-element-48f7700\" data-id=\"48f7700\" data-element_type=\"column\">\n\t\t\t<div class=\"elementor-column-wrap\">\n\t\t\t\t\t\t\t<div class=\"elementor-widget-wrap\">\n\t\t\t\t\t\t\t\t<\/div>\n\t\t\t\t\t<\/div>\n\t\t<\/div>\n\t\t\t\t<div class=\"elementor-column elementor-col-33 elementor-inner-column elementor-element elementor-element-c8348d5\" data-id=\"c8348d5\" data-element_type=\"column\">\n\t\t\t<div class=\"elementor-column-wrap elementor-element-populated\">\n\t\t\t\t\t\t\t<div class=\"elementor-widget-wrap\">\n\t\t\t\t\t\t<div class=\"elementor-element elementor-element-7424c21 elementor-widget elementor-widget-heading\" data-id=\"7424c21\" data-element_type=\"widget\" data-widget_type=\"heading.default\">\n\t\t\t\t<div class=\"elementor-widget-container\">\n\t\t\t<h2 class=\"elementor-heading-title elementor-size-default\">Firma de Anexo T\u00e9cnico con la Fiscal\u00eda General<br>del Estado de San Luis Potos\u00ed.<\/h2>\t\t<\/div>\n\t\t\t\t<\/div>\n\t\t\t\t\t\t<\/div>\n\t\t\t\t\t<\/div>\n\t\t<\/div>\n\t\t\t\t\t\t\t\t<\/div>\n\t\t\t\t\t<\/div>\n\t\t<\/section>\n\t\t\t\t<div class=\"elementor-element elementor-element-a4fb6a2 elementor-widget elementor-widget-spacer\" data-id=\"a4fb6a2\" data-element_type=\"widget\" data-widget_type=\"spacer.default\">\n\t\t\t\t<div class=\"elementor-widget-container\">\n\t\t\t\t\t<div class=\"elementor-spacer\">\n\t\t\t<div class=\"elementor-spacer-inner\"><\/div>\n\t\t<\/div>\n\t\t\t\t<\/div>\n\t\t\t\t<\/div>\n\t\t\t\t\t\t<\/div>\n\t\t\t\t\t<\/div>\n\t\t<\/div>\n\t\t\t\t\t\t\t\t<\/div>\n\t\t\t\t\t<\/div>\n\t\t<\/section>\n\t\t\t\t<section class=\"elementor-section elementor-top-section elementor-element elementor-element-bc724fe elementor-section-boxed elementor-section-height-default elementor-section-height-default neuron-fixed-no\" data-id=\"bc724fe\" data-element_type=\"section\">\n\t\t\t\t\t\t<div class=\"elementor-container elementor-column-gap-default\">\n\t\t\t\t\t\t\t<div class=\"elementor-row\">\n\t\t\t\t\t<div class=\"elementor-column elementor-col-50 elementor-top-column elementor-element elementor-element-15c63ce\" data-id=\"15c63ce\" data-element_type=\"column\">\n\t\t\t<div class=\"elementor-column-wrap elementor-element-populated\">\n\t\t\t\t\t\t\t<div class=\"elementor-widget-wrap\">\n\t\t\t\t\t\t<div class=\"elementor-element elementor-element-606d479 elementor-widget elementor-widget-spacer\" data-id=\"606d479\" data-element_type=\"widget\" data-widget_type=\"spacer.default\">\n\t\t\t\t<div class=\"elementor-widget-container\">\n\t\t\t\t\t<div class=\"elementor-spacer\">\n\t\t\t<div class=\"elementor-spacer-inner\"><\/div>\n\t\t<\/div>\n\t\t\t\t<\/div>\n\t\t\t\t<\/div>\n\t\t\t\t<div class=\"elementor-element elementor-element-9b92c9d elementor-widget elementor-widget-text-editor\" data-id=\"9b92c9d\" data-element_type=\"widget\" data-widget_type=\"text-editor.default\">\n\t\t\t\t<div class=\"elementor-widget-container\">\n\t\t\t\t\t\t\t\t<div class=\"elementor-text-editor elementor-clearfix\">\n\t\t\t\t<p>Este 26 de agosto se llev\u00f3 a cabo la firma del Anexo T\u00e9cnico del Convenio de Colaboraci\u00f3n para la Certificaci\u00f3n de Operadores del Sistema de Justicia Penal, celebrado entre el Centro de Estudios sobre la Ense\u00f1anza y Aprendizaje del Derecho A.C y la Fiscal\u00eda General del Estado de San Luis Potos\u00ed, esto con el apoyo de la Oficina de Iniciativa M\u00e9rida en la Embajada de los Estado Unidos de Am\u00e9rica.<\/p>\n<p><br><\/p>\n<p>En atenci\u00f3n a las medidas establecidas a partir de la contingencia sanitaria, se realiz\u00f3 una video-conferencia para la firma de este Anexo T\u00e9cnico; durante la reuni\u00f3n se cont\u00f3 con la presencia del&nbsp;Fiscal General del Estado de San Luis Potos\u00ed, Federico Arturo Garza Herrera; Matthew Stokes, Oficial del Programa de Procuraci\u00f3n de Justicia de la oficina de Iniciativa M\u00e9rida en la Embajada de Estados Unidos de Am\u00e9rica en M\u00e9xico;&nbsp; Lila Flores Fern\u00e1ndez, Coordinadora del Proyecto de Certificaci\u00f3n para la Justicia en M\u00e9xico del&nbsp;<span style=\"font-family: Roboto, Helvetica, Arial, sans-serif; font-size: 15px; font-style: normal; font-weight: 400;\">Centro de Estudios sobre la Ense\u00f1anza y Aprendizaje del Derecho A.C<\/span><span style=\"font-size: 15px;\">; as\u00ed como de Carlos Eduardo Castro, especialista Senior en Procuraci\u00f3n de Justicia&nbsp;<\/span>de oficina de Iniciativa M\u00e9rida en la Embajada de Estados Unidos de Am\u00e9rica en M\u00e9xico.&nbsp;<\/p>\n<p><span style=\"font-family: Roboto, Helvetica, Arial, sans-serif; font-size: 15px; font-style: normal; font-weight: 400;\"><br><\/span><\/p>\n<p>Como principal antecedente, se mencion\u00f3 que durante el pasado 21 de enero del presente a\u00f1o la&nbsp;<span style=\"font-family: Roboto, Helvetica, Arial, sans-serif; font-size: 15px; font-style: normal; font-weight: 400;\">Fiscal\u00eda General del Estado de San Luis Potos\u00ed emiti\u00f3 el acuerdo AG02\/2020 y el 7 de febrero mismo, se firm\u00f3 el acuerdo con&nbsp; el CEEAD con el objetivo de establecer las bases y mecanismos de coordinaci\u00f3n y colaboraci\u00f3n para que ambas instancias realicen acciones para la evaluaci\u00f3n y certificaci\u00f3n de competencias profesionales de las personas que ejercen el cargo de Ministerio P\u00fablico.<\/span><\/p>\t\t\t\t\t<\/div>\n\t\t\t\t\t\t<\/div>\n\t\t\t\t<\/div>\n\t\t\t\t<div class=\"elementor-element elementor-element-655ba73 elementor-widget elementor-widget-spacer\" data-id=\"655ba73\" data-element_type=\"widget\" data-widget_type=\"spacer.default\">\n\t\t\t\t<div class=\"elementor-widget-container\">\n\t\t\t\t\t<div class=\"elementor-spacer\">\n\t\t\t<div class=\"elementor-spacer-inner\"><\/div>\n\t\t<\/div>\n\t\t\t\t<\/div>\n\t\t\t\t<\/div>\n\t\t\t\t\t\t<\/div>\n\t\t\t\t\t<\/div>\n\t\t<\/div>\n\t\t\t\t<div class=\"elementor-column elementor-col-50 elementor-top-column elementor-element elementor-element-bee41e8\" data-id=\"bee41e8\" data-element_type=\"column\">\n\t\t\t<div class=\"elementor-column-wrap elementor-element-populated\">\n\t\t\t\t\t\t\t<div class=\"elementor-widget-wrap\">\n\t\t\t\t\t\t<section class=\"elementor-section elementor-inner-section elementor-element elementor-element-bc80040 elementor-section-boxed elementor-section-height-default elementor-section-height-default neuron-fixed-no\" data-id=\"bc80040\" data-element_type=\"section\">\n\t\t\t\t\t\t<div class=\"elementor-container elementor-column-gap-default\">\n\t\t\t\t\t\t\t<div class=\"elementor-row\">\n\t\t\t\t\t<div class=\"elementor-column elementor-col-100 elementor-inner-column elementor-element elementor-element-e7507c1\" data-id=\"e7507c1\" data-element_type=\"column\">\n\t\t\t<div class=\"elementor-column-wrap\">\n\t\t\t\t\t\t\t<div class=\"elementor-widget-wrap\">\n\t\t\t\t\t\t\t\t<\/div>\n\t\t\t\t\t<\/div>\n\t\t<\/div>\n\t\t\t\t\t\t\t\t<\/div>\n\t\t\t\t\t<\/div>\n\t\t<\/section>\n\t\t\t\t<section class=\"elementor-section elementor-inner-section elementor-element elementor-element-471d2e2 elementor-section-boxed elementor-section-height-default elementor-section-height-default neuron-fixed-no\" data-id=\"471d2e2\" data-element_type=\"section\">\n\t\t\t\t\t\t<div class=\"elementor-container elementor-column-gap-default\">\n\t\t\t\t\t\t\t<div class=\"elementor-row\">\n\t\t\t\t\t<div class=\"elementor-column elementor-col-100 elementor-inner-column elementor-element elementor-element-e78997d\" data-id=\"e78997d\" data-element_type=\"column\">\n\t\t\t<div class=\"elementor-column-wrap elementor-element-populated\">\n\t\t\t\t\t\t\t<div class=\"elementor-widget-wrap\">\n\t\t\t\t\t\t<div class=\"elementor-element elementor-element-779c6da elementor-widget elementor-widget-image\" data-id=\"779c6da\" data-element_type=\"widget\" data-widget_type=\"image.default\">\n\t\t\t\t<div class=\"elementor-widget-container\">\n\t\t\t\t\t\t\t\t<div class=\"elementor-image\">\n\t\t\t\t\t\t\t\t\t\t\t\t<img decoding=\"async\" width=\"852\" height=\"456\" src=\"https:\/\/cejume.mx\/wp\/wp-content\/uploads\/2020\/08\/Captura-de-pantalla-2020-08-26-a-las-17.09.40.png\" class=\"attachment-large size-large wp-image-30720\" alt=\"\" srcset=\"https:\/\/cejume.mx\/wp\/wp-content\/uploads\/2020\/08\/Captura-de-pantalla-2020-08-26-a-las-17.09.40.png 852w, https:\/\/cejume.mx\/wp\/wp-content\/uploads\/2020\/08\/Captura-de-pantalla-2020-08-26-a-las-17.09.40-300x161.png 300w, https:\/\/cejume.mx\/wp\/wp-content\/uploads\/2020\/08\/Captura-de-pantalla-2020-08-26-a-las-17.09.40-768x411.png 768w, https:\/\/cejume.mx\/wp\/wp-content\/uploads\/2020\/08\/Captura-de-pantalla-2020-08-26-a-las-17.09.40-600x321.png 600w\" sizes=\"(max-width: 852px) 100vw, 852px\" \/>\t\t\t\t\t\t\t\t\t\t\t\t\t\t<\/div>\n\t\t\t\t\t\t<\/div>\n\t\t\t\t<\/div>\n\t\t\t\t\t\t<\/div>\n\t\t\t\t\t<\/div>\n\t\t<\/div>\n\t\t\t\t\t\t\t\t<\/div>\n\t\t\t\t\t<\/div>\n\t\t<\/section>\n\t\t\t\t<div class=\"elementor-element elementor-element-3d6669c elementor-widget elementor-widget-text-editor\" data-id=\"3d6669c\" data-element_type=\"widget\" data-widget_type=\"text-editor.default\">\n\t\t\t\t<div class=\"elementor-widget-container\">\n\t\t\t\t\t\t\t\t<div class=\"elementor-text-editor elementor-clearfix\">\n\t\t\t\t<p>Durante su intervenci\u00f3n, el Fiscal General,&nbsp;<span style=\"font-family: Roboto, Helvetica, Arial, sans-serif; font-size: 15px; font-style: normal; font-weight: 400;\">Federico Arturo Garza Herrera, mencion\u00f3 que gracias a la implementaci\u00f3n de estos mecanismos de evaluaci\u00f3n y capacitaci\u00f3n, las personas operadoras tienen la oportunidad de generar mayor conocimiento y capacidades para el desempe\u00f1o de sus funciones.<\/span><\/p>\t\t\t\t\t<\/div>\n\t\t\t\t\t\t<\/div>\n\t\t\t\t<\/div>\n\t\t\t\t<section class=\"elementor-section elementor-inner-section elementor-element elementor-element-aef0cde elementor-section-boxed elementor-section-height-default elementor-section-height-default neuron-fixed-no\" data-id=\"aef0cde\" data-element_type=\"section\">\n\t\t\t\t\t\t<div class=\"elementor-container elementor-column-gap-default\">\n\t\t\t\t\t\t\t<div class=\"elementor-row\">\n\t\t\t\t\t<div class=\"elementor-column elementor-col-100 elementor-inner-column elementor-element elementor-element-dcc4313\" data-id=\"dcc4313\" data-element_type=\"column\">\n\t\t\t<div class=\"elementor-column-wrap elementor-element-populated\">\n\t\t\t\t\t\t\t<div class=\"elementor-widget-wrap\">\n\t\t\t\t\t\t<div class=\"elementor-element elementor-element-cbad95f elementor-widget elementor-widget-heading\" data-id=\"cbad95f\" data-element_type=\"widget\" data-widget_type=\"heading.default\">\n\t\t\t\t<div class=\"elementor-widget-container\">\n\t\t\t<h2 class=\"elementor-heading-title elementor-size-default\">\"nosotros le apostamos a la profesionalizaci\u00f3n\"<\/h2>\t\t<\/div>\n\t\t\t\t<\/div>\n\t\t\t\t\t\t<\/div>\n\t\t\t\t\t<\/div>\n\t\t<\/div>\n\t\t\t\t\t\t\t\t<\/div>\n\t\t\t\t\t<\/div>\n\t\t<\/section>\n\t\t\t\t<div class=\"elementor-element elementor-element-19ad69c elementor-widget elementor-widget-text-editor\" data-id=\"19ad69c\" data-element_type=\"widget\" data-widget_type=\"text-editor.default\">\n\t\t\t\t<div class=\"elementor-widget-container\">\n\t\t\t\t\t\t\t\t<div class=\"elementor-text-editor elementor-clearfix\">\n\t\t\t\t<p><br><\/p>\n<p>Destac\u00f3 que la Fiscal\u00eda General del Estado de San Luis Potos\u00ed impulsa la profesionalizaci\u00f3n, capacitaci\u00f3n y formaci\u00f3n; adem\u00e1s, se\u00f1al\u00f3 que actualmente las personas que ya han formado parte de las primeras etapas del proceso, ya se encuentran replicando los conocimientos adquiridos con el primer respondiente.<\/p>\n<p><span style=\"font-family: Roboto, Helvetica, Arial, sans-serif; font-size: 15px; font-style: normal; font-weight: 400;\"><br><\/span><\/p>\t\t\t\t\t<\/div>\n\t\t\t\t\t\t<\/div>\n\t\t\t\t<\/div>\n\t\t\t\t<div class=\"elementor-element elementor-element-444c28e elementor-widget elementor-widget-spacer\" data-id=\"444c28e\" data-element_type=\"widget\" data-widget_type=\"spacer.default\">\n\t\t\t\t<div class=\"elementor-widget-container\">\n\t\t\t\t\t<div class=\"elementor-spacer\">\n\t\t\t<div class=\"elementor-spacer-inner\"><\/div>\n\t\t<\/div>\n\t\t\t\t<\/div>\n\t\t\t\t<\/div>\n\t\t\t\t\t\t<\/div>\n\t\t\t\t\t<\/div>\n\t\t<\/div>\n\t\t\t\t\t\t\t\t<\/div>\n\t\t\t\t\t<\/div>\n\t\t<\/section>\n\t\t\t\t<section class=\"elementor-section elementor-top-section elementor-element elementor-element-f4b9210 elementor-section-boxed elementor-section-height-default elementor-section-height-default neuron-fixed-no\" data-id=\"f4b9210\" data-element_type=\"section\">\n\t\t\t\t\t\t<div class=\"elementor-container elementor-column-gap-default\">\n\t\t\t\t\t\t\t<div class=\"elementor-row\">\n\t\t\t\t\t<div class=\"elementor-column elementor-col-16 elementor-top-column elementor-element elementor-element-4671362\" data-id=\"4671362\" data-element_type=\"column\">\n\t\t\t<div class=\"elementor-column-wrap\">\n\t\t\t\t\t\t\t<div class=\"elementor-widget-wrap\">\n\t\t\t\t\t\t\t\t<\/div>\n\t\t\t\t\t<\/div>\n\t\t<\/div>\n\t\t\t\t<div class=\"elementor-column elementor-col-66 elementor-top-column elementor-element elementor-element-092ecd7\" data-id=\"092ecd7\" data-element_type=\"column\">\n\t\t\t<div class=\"elementor-column-wrap elementor-element-populated\">\n\t\t\t\t\t\t\t<div class=\"elementor-widget-wrap\">\n\t\t\t\t\t\t<div class=\"elementor-element elementor-element-ba0e01d elementor-widget elementor-widget-heading\" data-id=\"ba0e01d\" data-element_type=\"widget\" data-widget_type=\"heading.default\">\n\t\t\t\t<div class=\"elementor-widget-container\">\n\t\t\t<h2 class=\"elementor-heading-title elementor-size-default\">Firma de Anexo T\u00e9cnico entre CEEAD y Fiscal\u00eda General del Estado de San Luis Potos\u00ed<br><\/h2>\t\t<\/div>\n\t\t\t\t<\/div>\n\t\t\t\t<div class=\"elementor-element elementor-element-ccc70f5 elementor-widget elementor-widget-video\" data-id=\"ccc70f5\" data-element_type=\"widget\" data-settings=\"{&quot;youtube_url&quot;:&quot;https:\\\/\\\/www.youtube.com\\\/watch?v=pwxfnHwcDeY&quot;,&quot;video_type&quot;:&quot;youtube&quot;,&quot;controls&quot;:&quot;yes&quot;}\" data-widget_type=\"video.default\">\n\t\t\t\t<div class=\"elementor-widget-container\">\n\t\t\t\t\t<div class=\"elementor-wrapper elementor-open-inline\">\n\t\t\t<div class=\"elementor-video\"><\/div>\t\t<\/div>\n\t\t\t\t<\/div>\n\t\t\t\t<\/div>\n\t\t\t\t\t\t<\/div>\n\t\t\t\t\t<\/div>\n\t\t<\/div>\n\t\t\t\t<div class=\"elementor-column elementor-col-16 elementor-top-column elementor-element elementor-element-6ec4c44\" data-id=\"6ec4c44\" data-element_type=\"column\">\n\t\t\t<div class=\"elementor-column-wrap\">\n\t\t\t\t\t\t\t<div class=\"elementor-widget-wrap\">\n\t\t\t\t\t\t\t\t<\/div>\n\t\t\t\t\t<\/div>\n\t\t<\/div>\n\t\t\t\t\t\t\t\t<\/div>\n\t\t\t\t\t<\/div>\n\t\t<\/section>\n\t\t\t\t\t\t\t\t\t<\/div>\n\t\t\t<\/div>\n\t\t\t\t\t<\/div>\n\t\t","protected":false},"excerpt":{"rendered":"<p>Este 26 de agosto se llev\u00f3 a cabo la firma del Anexo T\u00e9cnico del Convenio de Colaboraci\u00f3n para la Certificaci\u00f3n de Operadores del Sistema de Justicia Penal, celebrado entre CEEAD y la Fiscal\u00eda General del Estado de San Luis Potos\u00ed,<\/p>\n","protected":false},"author":3,"featured_media":30720,"comment_status":"closed","ping_status":"closed","sticky":false,"template":"elementor_header_footer","format":"standard","meta":[],"categories":[95,45,50],"tags":[69,68],"acf":[],"_links":{"self":[{"href":"https:\/\/cejume.mx\/index.php\/wp-json\/wp\/v2\/posts\/30714"}],"collection":[{"href":"https:\/\/cejume.mx\/index.php\/wp-json\/wp\/v2\/posts"}],"about":[{"href":"https:\/\/cejume.mx\/index.php\/wp-json\/wp\/v2\/types\/post"}],"author":[{"embeddable":true,"href":"https:\/\/cejume.mx\/index.php\/wp-json\/wp\/v2\/users\/3"}],"replies":[{"embeddable":true,"href":"https:\/\/cejume.mx\/index.php\/wp-json\/wp\/v2\/comments?post=30714"}],"version-history":[{"count":15,"href":"https:\/\/cejume.mx\/index.php\/wp-json\/wp\/v2\/posts\/30714\/revisions"}],"predecessor-version":[{"id":30981,"href":"https:\/\/cejume.mx\/index.php\/wp-json\/wp\/v2\/posts\/30714\/revisions\/30981"}],"wp:featuredmedia":[{"embeddable":true,"href":"https:\/\/cejume.mx\/index.php\/wp-json\/wp\/v2\/media\/30720"}],"wp:attachment":[{"href":"https:\/\/cejume.mx\/index.php\/wp-json\/wp\/v2\/media?parent=30714"}],"wp:term":[{"taxonomy":"category","embeddable":true,"href":"https:\/\/cejume.mx\/index.php\/wp-json\/wp\/v2\/categories?post=30714"},{"taxonomy":"post_tag","embeddable":true,"href":"https:\/\/cejume.mx\/index.php\/wp-json\/wp\/v2\/tags?post=30714"}],"curies":[{"name":"wp","href":"https:\/\/api.w.org\/{rel}","templated":true}]}}