{"id":30987,"date":"2020-12-14T15:51:13","date_gmt":"2020-12-14T21:51:13","guid":{"rendered":"http:\/\/34.70.206.201\/cejume\/wp\/?p=30987"},"modified":"2020-12-14T17:12:47","modified_gmt":"2020-12-14T23:12:47","slug":"que-es-la-red-de-representantes-locales-de-cejume","status":"publish","type":"post","link":"https:\/\/cejume.mx\/index.php\/2020\/12\/14\/que-es-la-red-de-representantes-locales-de-cejume\/","title":{"rendered":"\u00bfQu\u00e9 es la Red de Representantes Locales de CEJUME?"},"content":{"rendered":"\t\t<div data-elementor-type=\"wp-post\" data-elementor-id=\"30987\" class=\"elementor elementor-30987\" data-elementor-post-type=\"post\">\n\t\t\t\t\t\t<div class=\"elementor-inner\">\n\t\t\t\t<div class=\"elementor-section-wrap\">\n\t\t\t\t\t\t\t\t\t<section class=\"elementor-section elementor-top-section elementor-element elementor-element-a958318 elementor-section-boxed elementor-section-height-default elementor-section-height-default neuron-fixed-no\" data-id=\"a958318\" data-element_type=\"section\">\n\t\t\t\t\t\t<div class=\"elementor-container elementor-column-gap-default\">\n\t\t\t\t\t\t\t<div class=\"elementor-row\">\n\t\t\t\t\t<div class=\"elementor-column elementor-col-100 elementor-top-column elementor-element elementor-element-fe89483\" data-id=\"fe89483\" data-element_type=\"column\">\n\t\t\t<div class=\"elementor-column-wrap\">\n\t\t\t\t\t\t\t<div class=\"elementor-widget-wrap\">\n\t\t\t\t\t\t\t\t<\/div>\n\t\t\t\t\t<\/div>\n\t\t<\/div>\n\t\t\t\t\t\t\t\t<\/div>\n\t\t\t\t\t<\/div>\n\t\t<\/section>\n\t\t\t\t<section class=\"elementor-section elementor-top-section elementor-element elementor-element-d96565e elementor-section-boxed elementor-section-height-default elementor-section-height-default neuron-fixed-no\" data-id=\"d96565e\" data-element_type=\"section\" data-settings=\"{&quot;background_background&quot;:&quot;classic&quot;}\">\n\t\t\t\t\t\t\t<div class=\"elementor-background-overlay\"><\/div>\n\t\t\t\t\t\t\t<div class=\"elementor-container elementor-column-gap-default\">\n\t\t\t\t\t\t\t<div class=\"elementor-row\">\n\t\t\t\t\t<div class=\"elementor-column elementor-col-100 elementor-top-column elementor-element elementor-element-493f6a7\" data-id=\"493f6a7\" data-element_type=\"column\">\n\t\t\t<div class=\"elementor-column-wrap elementor-element-populated\">\n\t\t\t\t\t\t\t<div class=\"elementor-widget-wrap\">\n\t\t\t\t\t\t<div class=\"elementor-element elementor-element-ce777a0 elementor-widget elementor-widget-spacer\" data-id=\"ce777a0\" data-element_type=\"widget\" data-widget_type=\"spacer.default\">\n\t\t\t\t<div class=\"elementor-widget-container\">\n\t\t\t\t\t<div class=\"elementor-spacer\">\n\t\t\t<div class=\"elementor-spacer-inner\"><\/div>\n\t\t<\/div>\n\t\t\t\t<\/div>\n\t\t\t\t<\/div>\n\t\t\t\t<section class=\"elementor-section elementor-inner-section elementor-element elementor-element-e0959ce elementor-section-boxed elementor-section-height-default elementor-section-height-default neuron-fixed-no\" data-id=\"e0959ce\" data-element_type=\"section\">\n\t\t\t\t\t\t<div class=\"elementor-container elementor-column-gap-default\">\n\t\t\t\t\t\t\t<div class=\"elementor-row\">\n\t\t\t\t\t<div class=\"elementor-column elementor-col-33 elementor-inner-column elementor-element elementor-element-d9bfac7\" data-id=\"d9bfac7\" data-element_type=\"column\">\n\t\t\t<div class=\"elementor-column-wrap elementor-element-populated\">\n\t\t\t\t\t\t\t<div class=\"elementor-widget-wrap\">\n\t\t\t\t\t\t<div class=\"elementor-element elementor-element-934f88d elementor-widget elementor-widget-image\" data-id=\"934f88d\" data-element_type=\"widget\" data-widget_type=\"image.default\">\n\t\t\t\t<div class=\"elementor-widget-container\">\n\t\t\t\t\t\t\t\t<div class=\"elementor-image\">\n\t\t\t\t\t\t\t\t\t\t\t\t<img decoding=\"async\" width=\"1020\" height=\"312\" src=\"https:\/\/cejume.mx\/wp\/wp-content\/uploads\/2020\/12\/RRL.png\" class=\"attachment-large size-large wp-image-30990\" alt=\"\" srcset=\"https:\/\/cejume.mx\/wp\/wp-content\/uploads\/2020\/12\/RRL.png 1020w, https:\/\/cejume.mx\/wp\/wp-content\/uploads\/2020\/12\/RRL-300x92.png 300w, https:\/\/cejume.mx\/wp\/wp-content\/uploads\/2020\/12\/RRL-768x235.png 768w, https:\/\/cejume.mx\/wp\/wp-content\/uploads\/2020\/12\/RRL-600x184.png 600w\" sizes=\"(max-width: 1020px) 100vw, 1020px\" \/>\t\t\t\t\t\t\t\t\t\t\t\t\t\t<\/div>\n\t\t\t\t\t\t<\/div>\n\t\t\t\t<\/div>\n\t\t\t\t\t\t<\/div>\n\t\t\t\t\t<\/div>\n\t\t<\/div>\n\t\t\t\t<div class=\"elementor-column elementor-col-33 elementor-inner-column elementor-element elementor-element-48f7700\" data-id=\"48f7700\" data-element_type=\"column\">\n\t\t\t<div class=\"elementor-column-wrap\">\n\t\t\t\t\t\t\t<div class=\"elementor-widget-wrap\">\n\t\t\t\t\t\t\t\t<\/div>\n\t\t\t\t\t<\/div>\n\t\t<\/div>\n\t\t\t\t<div class=\"elementor-column elementor-col-33 elementor-inner-column elementor-element elementor-element-c8348d5\" data-id=\"c8348d5\" data-element_type=\"column\">\n\t\t\t<div class=\"elementor-column-wrap elementor-element-populated\">\n\t\t\t\t\t\t\t<div class=\"elementor-widget-wrap\">\n\t\t\t\t\t\t<div class=\"elementor-element elementor-element-7424c21 elementor-widget elementor-widget-heading\" data-id=\"7424c21\" data-element_type=\"widget\" data-widget_type=\"heading.default\">\n\t\t\t\t<div class=\"elementor-widget-container\">\n\t\t\t<h2 class=\"elementor-heading-title elementor-size-default\">\u00bfQu\u00e9 es la Red de Representantes Locales de CEJUME?<\/h2>\t\t<\/div>\n\t\t\t\t<\/div>\n\t\t\t\t\t\t<\/div>\n\t\t\t\t\t<\/div>\n\t\t<\/div>\n\t\t\t\t\t\t\t\t<\/div>\n\t\t\t\t\t<\/div>\n\t\t<\/section>\n\t\t\t\t<div class=\"elementor-element elementor-element-a4fb6a2 elementor-widget elementor-widget-spacer\" data-id=\"a4fb6a2\" data-element_type=\"widget\" data-widget_type=\"spacer.default\">\n\t\t\t\t<div class=\"elementor-widget-container\">\n\t\t\t\t\t<div class=\"elementor-spacer\">\n\t\t\t<div class=\"elementor-spacer-inner\"><\/div>\n\t\t<\/div>\n\t\t\t\t<\/div>\n\t\t\t\t<\/div>\n\t\t\t\t<div class=\"elementor-element elementor-element-5069bd7 elementor-widget elementor-widget-spacer\" data-id=\"5069bd7\" data-element_type=\"widget\" data-widget_type=\"spacer.default\">\n\t\t\t\t<div class=\"elementor-widget-container\">\n\t\t\t\t\t<div class=\"elementor-spacer\">\n\t\t\t<div class=\"elementor-spacer-inner\"><\/div>\n\t\t<\/div>\n\t\t\t\t<\/div>\n\t\t\t\t<\/div>\n\t\t\t\t\t\t<\/div>\n\t\t\t\t\t<\/div>\n\t\t<\/div>\n\t\t\t\t\t\t\t\t<\/div>\n\t\t\t\t\t<\/div>\n\t\t<\/section>\n\t\t\t\t<section class=\"elementor-section elementor-top-section elementor-element elementor-element-6359d55 elementor-section-boxed elementor-section-height-default elementor-section-height-default neuron-fixed-no\" data-id=\"6359d55\" data-element_type=\"section\">\n\t\t\t\t\t\t<div class=\"elementor-container elementor-column-gap-default\">\n\t\t\t\t\t\t\t<div class=\"elementor-row\">\n\t\t\t\t\t<div class=\"elementor-column elementor-col-50 elementor-top-column elementor-element elementor-element-a1dee48\" data-id=\"a1dee48\" data-element_type=\"column\">\n\t\t\t<div class=\"elementor-column-wrap elementor-element-populated\">\n\t\t\t\t\t\t\t<div class=\"elementor-widget-wrap\">\n\t\t\t\t\t\t<div class=\"elementor-element elementor-element-dbf6127 elementor-widget elementor-widget-spacer\" data-id=\"dbf6127\" data-element_type=\"widget\" data-widget_type=\"spacer.default\">\n\t\t\t\t<div class=\"elementor-widget-container\">\n\t\t\t\t\t<div class=\"elementor-spacer\">\n\t\t\t<div class=\"elementor-spacer-inner\"><\/div>\n\t\t<\/div>\n\t\t\t\t<\/div>\n\t\t\t\t<\/div>\n\t\t\t\t<div class=\"elementor-element elementor-element-5374b0a elementor-widget elementor-widget-text-editor\" data-id=\"5374b0a\" data-element_type=\"widget\" data-widget_type=\"text-editor.default\">\n\t\t\t\t<div class=\"elementor-widget-container\">\n\t\t\t\t\t\t\t\t<div class=\"elementor-text-editor elementor-clearfix\">\n\t\t\t\t<p>Es una red con el objetivo de coadyuvar en la construcci\u00f3n de voluntad pol\u00edtica para generar la aceptaci\u00f3n y adopci\u00f3n del modelo de evaluaci\u00f3n de conocimientos y habilidades como un mecanismo para la profesionalizaci\u00f3n de quienes ejercen las funciones clave del Sistema de Justicia Penal.<\/p>\n<p><br>La RRL busca tener representatividad en las 32 entidades federativas del pa\u00eds y se conforma de profesionistas del derecho con experiencia en el sistema de justicia penal en M\u00e9xico, con un fuerte v\u00ednculo con actores locales, tales como universidades, organizaciones de la sociedad civil (OSC) y las instituciones de justicia. Las y los representantes deben gozar de buena reputaci\u00f3n y prestigio profesional y no ser funcionaria o funcionario p\u00fablico a ning\u00fan nivel.<\/p>\n<p><br>Actualmente, la RRL realiza actividades de vinculaci\u00f3n, socializaci\u00f3n y difusi\u00f3n del proyecto CEJUME en las instituciones operadoras del Sistema de Justicia Penal, OSC, instituciones de educaci\u00f3n superior, colegios de abogados, entre otros. Esto se logra a trav\u00e9s de reuniones y eventos organizados por las propias instituciones u otros actores enfocados en consolidar el Sistema de Justicia Penal en M\u00e9xico.<\/p>\t\t\t\t\t<\/div>\n\t\t\t\t\t\t<\/div>\n\t\t\t\t<\/div>\n\t\t\t\t<div class=\"elementor-element elementor-element-e36cbb3 elementor-widget elementor-widget-spacer\" data-id=\"e36cbb3\" data-element_type=\"widget\" data-widget_type=\"spacer.default\">\n\t\t\t\t<div class=\"elementor-widget-container\">\n\t\t\t\t\t<div class=\"elementor-spacer\">\n\t\t\t<div class=\"elementor-spacer-inner\"><\/div>\n\t\t<\/div>\n\t\t\t\t<\/div>\n\t\t\t\t<\/div>\n\t\t\t\t\t\t<\/div>\n\t\t\t\t\t<\/div>\n\t\t<\/div>\n\t\t\t\t<div class=\"elementor-column elementor-col-50 elementor-top-column elementor-element elementor-element-1954c06\" data-id=\"1954c06\" data-element_type=\"column\">\n\t\t\t<div class=\"elementor-column-wrap elementor-element-populated\">\n\t\t\t\t\t\t\t<div class=\"elementor-widget-wrap\">\n\t\t\t\t\t\t<div class=\"elementor-element elementor-element-bf521dc elementor-widget elementor-widget-spacer\" data-id=\"bf521dc\" data-element_type=\"widget\" data-widget_type=\"spacer.default\">\n\t\t\t\t<div class=\"elementor-widget-container\">\n\t\t\t\t\t<div class=\"elementor-spacer\">\n\t\t\t<div class=\"elementor-spacer-inner\"><\/div>\n\t\t<\/div>\n\t\t\t\t<\/div>\n\t\t\t\t<\/div>\n\t\t\t\t<div class=\"elementor-element elementor-element-6170f42 elementor-widget elementor-widget-text-editor\" data-id=\"6170f42\" data-element_type=\"widget\" data-widget_type=\"text-editor.default\">\n\t\t\t\t<div class=\"elementor-widget-container\">\n\t\t\t\t\t\t\t\t<div class=\"elementor-text-editor elementor-clearfix\">\n\t\t\t\t<p>En el mediano plazo, la RRL busca generar el intercambio de experiencias y buenas pr\u00e1cticas en la profesionalizaci\u00f3n. Esto con el objetivo de crear un mensaje com\u00fan para posicionar al sistema de certificaci\u00f3n como parte de los mecanismos que fortalecen el acceso a la justicia y que promueven el buen desempe\u00f1o de las y los servidores p\u00fablicos.<\/p>\n<p><br>Cabe destacar que algunas personas que integran la RRL tambi\u00e9n participan en el dise\u00f1o de los instrumentos de formaci\u00f3n y evaluaci\u00f3n, dependiendo de sus \u00e1reas de experiencia. Esto nos permite aprovechar la representatividad geogr\u00e1fica, la diversidad de experiencias y los contextos de nuestros participantes. Asimismo, permite a la RRL tener un conocimiento integral del proyecto y sus componentes, favoreciendo una mejor comunicaci\u00f3n y difusi\u00f3n.<\/p>\n<p><br>En suma, la conformaci\u00f3n de la RRL ha servido para catalizar los esfuerzos por posicionar el proyecto CEJUME a nivel nacional. El acercamiento institucional ha permitido generar un ambiente de confianza al interior de las instituciones de justicia sobre el proceso de certificaci\u00f3n, permitiendo que las y los representantes tengan un rol activo en la implementaci\u00f3n del proyecto CEJUME.<\/p><p><br><\/p><p>&nbsp;<span style=\"font-family: Roboto, Helvetica, Arial, sans-serif; font-size: 15px; font-style: normal; font-weight: 700;\">A continuaci\u00f3n, compartimos algunos testimonios de la RRL.<\/span><\/p><br>\t\t\t\t\t<\/div>\n\t\t\t\t\t\t<\/div>\n\t\t\t\t<\/div>\n\t\t\t\t\t\t<\/div>\n\t\t\t\t\t<\/div>\n\t\t<\/div>\n\t\t\t\t\t\t\t\t<\/div>\n\t\t\t\t\t<\/div>\n\t\t<\/section>\n\t\t\t\t<section class=\"elementor-section elementor-top-section elementor-element elementor-element-bee8e73 elementor-section-boxed elementor-section-height-default elementor-section-height-default neuron-fixed-no\" data-id=\"bee8e73\" data-element_type=\"section\">\n\t\t\t\t\t\t<div class=\"elementor-container elementor-column-gap-default\">\n\t\t\t\t\t\t\t<div class=\"elementor-row\">\n\t\t\t\t\t<div class=\"elementor-column elementor-col-50 elementor-top-column elementor-element elementor-element-3fdc509\" data-id=\"3fdc509\" data-element_type=\"column\">\n\t\t\t<div class=\"elementor-column-wrap elementor-element-populated\">\n\t\t\t\t\t\t\t<div class=\"elementor-widget-wrap\">\n\t\t\t\t\t\t<div class=\"elementor-element elementor-element-7ad1fa5 elementor-widget elementor-widget-image\" data-id=\"7ad1fa5\" data-element_type=\"widget\" data-widget_type=\"image.default\">\n\t\t\t\t<div class=\"elementor-widget-container\">\n\t\t\t\t\t\t\t\t<div class=\"elementor-image\">\n\t\t\t\t\t\t\t\t\t\t\t\t<img decoding=\"async\" width=\"674\" height=\"502\" src=\"https:\/\/cejume.mx\/wp\/wp-content\/uploads\/2020\/12\/jose\u0301-elias.png\" class=\"attachment-large size-large wp-image-30991\" alt=\"\" srcset=\"https:\/\/cejume.mx\/wp\/wp-content\/uploads\/2020\/12\/jose\u0301-elias.png 674w, https:\/\/cejume.mx\/wp\/wp-content\/uploads\/2020\/12\/jose\u0301-elias-300x223.png 300w, https:\/\/cejume.mx\/wp\/wp-content\/uploads\/2020\/12\/jose\u0301-elias-600x447.png 600w\" sizes=\"(max-width: 674px) 100vw, 674px\" \/>\t\t\t\t\t\t\t\t\t\t\t\t\t\t<\/div>\n\t\t\t\t\t\t<\/div>\n\t\t\t\t<\/div>\n\t\t\t\t<div class=\"elementor-element elementor-element-fc8167d elementor-widget elementor-widget-spacer\" data-id=\"fc8167d\" data-element_type=\"widget\" data-widget_type=\"spacer.default\">\n\t\t\t\t<div class=\"elementor-widget-container\">\n\t\t\t\t\t<div class=\"elementor-spacer\">\n\t\t\t<div class=\"elementor-spacer-inner\"><\/div>\n\t\t<\/div>\n\t\t\t\t<\/div>\n\t\t\t\t<\/div>\n\t\t\t\t\t\t<\/div>\n\t\t\t\t\t<\/div>\n\t\t<\/div>\n\t\t\t\t<div class=\"elementor-column elementor-col-50 elementor-top-column elementor-element elementor-element-ab21427\" data-id=\"ab21427\" data-element_type=\"column\">\n\t\t\t<div class=\"elementor-column-wrap elementor-element-populated\">\n\t\t\t\t\t\t\t<div class=\"elementor-widget-wrap\">\n\t\t\t\t\t\t<div class=\"elementor-element elementor-element-20e2c0d elementor-widget elementor-widget-text-editor\" data-id=\"20e2c0d\" data-element_type=\"widget\" data-widget_type=\"text-editor.default\">\n\t\t\t\t<div class=\"elementor-widget-container\">\n\t\t\t\t\t\t\t\t<div class=\"elementor-text-editor elementor-clearfix\">\n\t\t\t\t<p><br><\/p>\n<h6><span style=\"font-family: Roboto, Helvetica, Arial, sans-serif; font-size: 15px; font-style: normal; font-weight: 400;\">\u201cPara mi formar parte de la red de representantes locales ha significado la oportunidad para participar activamente en proyectos como la Certificaci\u00f3n para la Justicia en M\u00e9xico, lo cual representa un orgullo y una gran satisfacci\u00f3n; una grata coyuntura que me ha permitido conocer a personas extraordinarias de todo M\u00e9xico, compa\u00f1eras y compa\u00f1eros de la red, el equipo CEEAD, as\u00ed como muchas personas operadoras del sistema de justicia, todas con en un inter\u00e9s com\u00fan: un M\u00e9xico mejor.\u201d<br><\/span><\/h6>\n<h6><span style=\"font-size: 15px;\">Jos\u00e9 El\u00edas Ram\u00edrez Nev\u00e1rez, Representante de Chihuahua<\/span><br><\/h6>\n<p><\/p>\t\t\t\t\t<\/div>\n\t\t\t\t\t\t<\/div>\n\t\t\t\t<\/div>\n\t\t\t\t<div class=\"elementor-element elementor-element-5585dd2 elementor-widget elementor-widget-spacer\" data-id=\"5585dd2\" data-element_type=\"widget\" data-widget_type=\"spacer.default\">\n\t\t\t\t<div class=\"elementor-widget-container\">\n\t\t\t\t\t<div class=\"elementor-spacer\">\n\t\t\t<div class=\"elementor-spacer-inner\"><\/div>\n\t\t<\/div>\n\t\t\t\t<\/div>\n\t\t\t\t<\/div>\n\t\t\t\t\t\t<\/div>\n\t\t\t\t\t<\/div>\n\t\t<\/div>\n\t\t\t\t\t\t\t\t<\/div>\n\t\t\t\t\t<\/div>\n\t\t<\/section>\n\t\t\t\t<section class=\"elementor-section elementor-top-section elementor-element elementor-element-01f45b2 elementor-section-boxed elementor-section-height-default elementor-section-height-default neuron-fixed-no\" data-id=\"01f45b2\" data-element_type=\"section\">\n\t\t\t\t\t\t<div class=\"elementor-container elementor-column-gap-default\">\n\t\t\t\t\t\t\t<div class=\"elementor-row\">\n\t\t\t\t\t<div class=\"elementor-column elementor-col-50 elementor-top-column elementor-element elementor-element-eebd989\" data-id=\"eebd989\" data-element_type=\"column\">\n\t\t\t<div class=\"elementor-column-wrap elementor-element-populated\">\n\t\t\t\t\t\t\t<div class=\"elementor-widget-wrap\">\n\t\t\t\t\t\t<div class=\"elementor-element elementor-element-08b251c elementor-widget elementor-widget-text-editor\" data-id=\"08b251c\" data-element_type=\"widget\" data-widget_type=\"text-editor.default\">\n\t\t\t\t<div class=\"elementor-widget-container\">\n\t\t\t\t\t\t\t\t<div class=\"elementor-text-editor elementor-clearfix\">\n\t\t\t\t<p><span style=\"font-family: Roboto, Helvetica, Arial, sans-serif; font-size: 15px; font-style: normal; font-weight: 400;\">\u201cComo parte de la red de representantes locales he sido testiga [sic] de buenas pr\u00e1cticas en la aplicaci\u00f3n del sistema de justicia penal que sirven para mejorar la atenci\u00f3n y el acceso a la justicia, la protecci\u00f3n de los derechos humanos, as\u00ed como identificar los retos que tenemos como pa\u00eds para consolidar el acceso a la justicia de manera igualitaria.<\/span><\/p><p><br><span style=\"font-family: Roboto, Helvetica, Arial, sans-serif; font-size: 15px; font-style: normal; font-weight: 400;\">Pertenecer a la red me ha dado la oportunidad de fortalecer la vinculaci\u00f3n y comunicaci\u00f3n con personas profesionales y comprometidas con lograr un mundo mejor. Al colaborar con CEJUME y el CEEAD contribuyo con mi profesi\u00f3n y mi pa\u00eds a consolidar el proceso de formaci\u00f3n y profesionalizaci\u00f3n de las personas dedicadas a procurar justicia.\u201d<\/span><\/p>\n<p><span style=\"font-family: Roboto, Helvetica, Arial, sans-serif; font-size: 15px; font-style: normal; font-weight: 400;\"><br><\/span><\/p>\n<h6><span style=\"font-size: 15px;\">Mitzy Nogueda, Representante del Estado de M\u00e9xico. Abogada por la Escuela Libre de Derecho, especialista en g\u00e9nero por FLACSO<\/span><b><span style=\"font-family: Roboto, Helvetica, Arial, sans-serif; font-size: 15px; font-style: normal;\"><br><\/span><\/b><\/h6>\t\t\t\t\t<\/div>\n\t\t\t\t\t\t<\/div>\n\t\t\t\t<\/div>\n\t\t\t\t<div class=\"elementor-element elementor-element-fb4ae43 elementor-widget elementor-widget-spacer\" data-id=\"fb4ae43\" data-element_type=\"widget\" data-widget_type=\"spacer.default\">\n\t\t\t\t<div class=\"elementor-widget-container\">\n\t\t\t\t\t<div class=\"elementor-spacer\">\n\t\t\t<div class=\"elementor-spacer-inner\"><\/div>\n\t\t<\/div>\n\t\t\t\t<\/div>\n\t\t\t\t<\/div>\n\t\t\t\t\t\t<\/div>\n\t\t\t\t\t<\/div>\n\t\t<\/div>\n\t\t\t\t<div class=\"elementor-column elementor-col-50 elementor-top-column elementor-element elementor-element-94b2a6c\" data-id=\"94b2a6c\" data-element_type=\"column\">\n\t\t\t<div class=\"elementor-column-wrap elementor-element-populated\">\n\t\t\t\t\t\t\t<div class=\"elementor-widget-wrap\">\n\t\t\t\t\t\t<div class=\"elementor-element elementor-element-8c8b658 elementor-widget elementor-widget-image\" data-id=\"8c8b658\" data-element_type=\"widget\" data-widget_type=\"image.default\">\n\t\t\t\t<div class=\"elementor-widget-container\">\n\t\t\t\t\t\t\t\t<div class=\"elementor-image\">\n\t\t\t\t\t\t\t\t\t\t\t\t<img decoding=\"async\" width=\"674\" height=\"502\" src=\"https:\/\/cejume.mx\/wp\/wp-content\/uploads\/2020\/12\/MITZY-NJOGUEDA.png\" class=\"attachment-full size-full wp-image-30993\" alt=\"\" srcset=\"https:\/\/cejume.mx\/wp\/wp-content\/uploads\/2020\/12\/MITZY-NJOGUEDA.png 674w, https:\/\/cejume.mx\/wp\/wp-content\/uploads\/2020\/12\/MITZY-NJOGUEDA-300x223.png 300w, https:\/\/cejume.mx\/wp\/wp-content\/uploads\/2020\/12\/MITZY-NJOGUEDA-600x447.png 600w\" sizes=\"(max-width: 674px) 100vw, 674px\" \/>\t\t\t\t\t\t\t\t\t\t\t\t\t\t<\/div>\n\t\t\t\t\t\t<\/div>\n\t\t\t\t<\/div>\n\t\t\t\t<div class=\"elementor-element elementor-element-87ee46c elementor-widget elementor-widget-spacer\" data-id=\"87ee46c\" data-element_type=\"widget\" data-widget_type=\"spacer.default\">\n\t\t\t\t<div class=\"elementor-widget-container\">\n\t\t\t\t\t<div class=\"elementor-spacer\">\n\t\t\t<div class=\"elementor-spacer-inner\"><\/div>\n\t\t<\/div>\n\t\t\t\t<\/div>\n\t\t\t\t<\/div>\n\t\t\t\t\t\t<\/div>\n\t\t\t\t\t<\/div>\n\t\t<\/div>\n\t\t\t\t\t\t\t\t<\/div>\n\t\t\t\t\t<\/div>\n\t\t<\/section>\n\t\t\t\t<section class=\"elementor-section elementor-top-section elementor-element elementor-element-bf8e078 elementor-section-boxed elementor-section-height-default elementor-section-height-default neuron-fixed-no\" data-id=\"bf8e078\" data-element_type=\"section\">\n\t\t\t\t\t\t<div class=\"elementor-container elementor-column-gap-default\">\n\t\t\t\t\t\t\t<div class=\"elementor-row\">\n\t\t\t\t\t<div class=\"elementor-column elementor-col-50 elementor-top-column elementor-element elementor-element-a235eec\" data-id=\"a235eec\" data-element_type=\"column\">\n\t\t\t<div class=\"elementor-column-wrap elementor-element-populated\">\n\t\t\t\t\t\t\t<div class=\"elementor-widget-wrap\">\n\t\t\t\t\t\t<div class=\"elementor-element elementor-element-7e54ed1 elementor-widget elementor-widget-image\" data-id=\"7e54ed1\" data-element_type=\"widget\" data-widget_type=\"image.default\">\n\t\t\t\t<div class=\"elementor-widget-container\">\n\t\t\t\t\t\t\t\t<div class=\"elementor-image\">\n\t\t\t\t\t\t\t\t\t\t\t\t<img decoding=\"async\" width=\"674\" height=\"502\" src=\"https:\/\/cejume.mx\/wp\/wp-content\/uploads\/2020\/12\/SELENE-PEDRAZA.png\" class=\"attachment-large size-large wp-image-30992\" alt=\"\" srcset=\"https:\/\/cejume.mx\/wp\/wp-content\/uploads\/2020\/12\/SELENE-PEDRAZA.png 674w, https:\/\/cejume.mx\/wp\/wp-content\/uploads\/2020\/12\/SELENE-PEDRAZA-300x223.png 300w, https:\/\/cejume.mx\/wp\/wp-content\/uploads\/2020\/12\/SELENE-PEDRAZA-600x447.png 600w\" sizes=\"(max-width: 674px) 100vw, 674px\" \/>\t\t\t\t\t\t\t\t\t\t\t\t\t\t<\/div>\n\t\t\t\t\t\t<\/div>\n\t\t\t\t<\/div>\n\t\t\t\t<div class=\"elementor-element elementor-element-32739e3 elementor-widget elementor-widget-spacer\" data-id=\"32739e3\" data-element_type=\"widget\" data-widget_type=\"spacer.default\">\n\t\t\t\t<div class=\"elementor-widget-container\">\n\t\t\t\t\t<div class=\"elementor-spacer\">\n\t\t\t<div class=\"elementor-spacer-inner\"><\/div>\n\t\t<\/div>\n\t\t\t\t<\/div>\n\t\t\t\t<\/div>\n\t\t\t\t\t\t<\/div>\n\t\t\t\t\t<\/div>\n\t\t<\/div>\n\t\t\t\t<div class=\"elementor-column elementor-col-50 elementor-top-column elementor-element elementor-element-ddaa6a1\" data-id=\"ddaa6a1\" data-element_type=\"column\">\n\t\t\t<div class=\"elementor-column-wrap elementor-element-populated\">\n\t\t\t\t\t\t\t<div class=\"elementor-widget-wrap\">\n\t\t\t\t\t\t<div class=\"elementor-element elementor-element-09a524d elementor-widget elementor-widget-text-editor\" data-id=\"09a524d\" data-element_type=\"widget\" data-widget_type=\"text-editor.default\">\n\t\t\t\t<div class=\"elementor-widget-container\">\n\t\t\t\t\t\t\t\t<div class=\"elementor-text-editor elementor-clearfix\">\n\t\t\t\t<p><span style=\"font-family: Roboto, Helvetica, Arial, sans-serif; font-size: 15px; font-style: normal; font-weight: 400;\">\u201cEntre el 2013 y el 2014 trabaj\u00e9 en la implementaci\u00f3n del sistema de justicia penal en mi estado. A\u00f1os despu\u00e9s lo hice a nivel nacional en su etapa de consolidaci\u00f3n. Hoy, formar parte de la Red me ha permitido reencontrarme con las instituciones con las que compart\u00ed aquel objetivo en com\u00fan y, a casi ocho a\u00f1os de distancia y gracias al proyecto CEJUME, seguir contribuyendo al fortalecimiento del recurso m\u00e1s importante para el sistema en Nayarit y en cualquier lugar: sus personas.\u201d<\/span><br><span style=\"font-family: Roboto, Helvetica, Arial, sans-serif; font-size: 15px; font-style: normal; font-weight: 400;\"><br><\/span><\/p><p><span style=\"font-family: Roboto, Helvetica, Arial, sans-serif; font-size: 15px; font-style: normal;\"><b>Selene Peraza, Representante de Nayarit<\/b><\/span><br><\/p>\t\t\t\t\t<\/div>\n\t\t\t\t\t\t<\/div>\n\t\t\t\t<\/div>\n\t\t\t\t<div class=\"elementor-element elementor-element-cbf8543 elementor-widget elementor-widget-spacer\" data-id=\"cbf8543\" data-element_type=\"widget\" data-widget_type=\"spacer.default\">\n\t\t\t\t<div class=\"elementor-widget-container\">\n\t\t\t\t\t<div class=\"elementor-spacer\">\n\t\t\t<div class=\"elementor-spacer-inner\"><\/div>\n\t\t<\/div>\n\t\t\t\t<\/div>\n\t\t\t\t<\/div>\n\t\t\t\t\t\t<\/div>\n\t\t\t\t\t<\/div>\n\t\t<\/div>\n\t\t\t\t\t\t\t\t<\/div>\n\t\t\t\t\t<\/div>\n\t\t<\/section>\n\t\t\t\t<section class=\"elementor-section elementor-top-section elementor-element elementor-element-0f38a1b elementor-section-boxed elementor-section-height-default elementor-section-height-default neuron-fixed-no\" data-id=\"0f38a1b\" data-element_type=\"section\">\n\t\t\t\t\t\t<div class=\"elementor-container elementor-column-gap-default\">\n\t\t\t\t\t\t\t<div class=\"elementor-row\">\n\t\t\t\t\t<div class=\"elementor-column elementor-col-100 elementor-top-column elementor-element elementor-element-63344b3\" data-id=\"63344b3\" data-element_type=\"column\">\n\t\t\t<div class=\"elementor-column-wrap\">\n\t\t\t\t\t\t\t<div class=\"elementor-widget-wrap\">\n\t\t\t\t\t\t\t\t<\/div>\n\t\t\t\t\t<\/div>\n\t\t<\/div>\n\t\t\t\t\t\t\t\t<\/div>\n\t\t\t\t\t<\/div>\n\t\t<\/section>\n\t\t\t\t\t\t\t\t\t<\/div>\n\t\t\t<\/div>\n\t\t\t\t\t<\/div>\n\t\t","protected":false},"excerpt":{"rendered":"<p>Es una red con el objetivo de coadyuvar en la construcci\u00f3n de voluntad pol\u00edtica para generar la aceptaci\u00f3n y adopci\u00f3n del modelo de evaluaci\u00f3n de conocimientos y habilidades del Sistema de Justicia Penal.<\/p>\n","protected":false},"author":3,"featured_media":31004,"comment_status":"closed","ping_status":"closed","sticky":false,"template":"elementor_header_footer","format":"standard","meta":[],"categories":[70],"tags":[69,68],"acf":[],"_links":{"self":[{"href":"https:\/\/cejume.mx\/index.php\/wp-json\/wp\/v2\/posts\/30987"}],"collection":[{"href":"https:\/\/cejume.mx\/index.php\/wp-json\/wp\/v2\/posts"}],"about":[{"href":"https:\/\/cejume.mx\/index.php\/wp-json\/wp\/v2\/types\/post"}],"author":[{"embeddable":true,"href":"https:\/\/cejume.mx\/index.php\/wp-json\/wp\/v2\/users\/3"}],"replies":[{"embeddable":true,"href":"https:\/\/cejume.mx\/index.php\/wp-json\/wp\/v2\/comments?post=30987"}],"version-history":[{"count":7,"href":"https:\/\/cejume.mx\/index.php\/wp-json\/wp\/v2\/posts\/30987\/revisions"}],"predecessor-version":[{"id":31005,"href":"https:\/\/cejume.mx\/index.php\/wp-json\/wp\/v2\/posts\/30987\/revisions\/31005"}],"wp:featuredmedia":[{"embeddable":true,"href":"https:\/\/cejume.mx\/index.php\/wp-json\/wp\/v2\/media\/31004"}],"wp:attachment":[{"href":"https:\/\/cejume.mx\/index.php\/wp-json\/wp\/v2\/media?parent=30987"}],"wp:term":[{"taxonomy":"category","embeddable":true,"href":"https:\/\/cejume.mx\/index.php\/wp-json\/wp\/v2\/categories?post=30987"},{"taxonomy":"post_tag","embeddable":true,"href":"https:\/\/cejume.mx\/index.php\/wp-json\/wp\/v2\/tags?post=30987"}],"curies":[{"name":"wp","href":"https:\/\/api.w.org\/{rel}","templated":true}]}}