{"id":31663,"date":"2021-03-09T16:06:10","date_gmt":"2021-03-09T22:06:10","guid":{"rendered":"http:\/\/34.70.206.201\/cejume\/wp\/?p=31663"},"modified":"2021-03-09T16:17:40","modified_gmt":"2021-03-09T22:17:40","slug":"herramientas-de-profesionalizacion-en-el-sjp-del-estado-de-veracruz","status":"publish","type":"post","link":"https:\/\/cejume.mx\/index.php\/2021\/03\/09\/herramientas-de-profesionalizacion-en-el-sjp-del-estado-de-veracruz\/","title":{"rendered":"Herramientas de profesionalizaci\u00f3n en el SJP del estado de Veracruz"},"content":{"rendered":"\t\t<div data-elementor-type=\"wp-post\" data-elementor-id=\"31663\" class=\"elementor elementor-31663\" data-elementor-post-type=\"post\">\n\t\t\t\t\t\t<div class=\"elementor-inner\">\n\t\t\t\t<div class=\"elementor-section-wrap\">\n\t\t\t\t\t\t\t\t\t<section class=\"elementor-section elementor-top-section elementor-element elementor-element-a958318 elementor-section-boxed elementor-section-height-default elementor-section-height-default neuron-fixed-no\" data-id=\"a958318\" data-element_type=\"section\">\n\t\t\t\t\t\t<div class=\"elementor-container elementor-column-gap-default\">\n\t\t\t\t\t\t\t<div class=\"elementor-row\">\n\t\t\t\t\t<div class=\"elementor-column elementor-col-100 elementor-top-column elementor-element elementor-element-fe89483\" data-id=\"fe89483\" data-element_type=\"column\">\n\t\t\t<div class=\"elementor-column-wrap\">\n\t\t\t\t\t\t\t<div class=\"elementor-widget-wrap\">\n\t\t\t\t\t\t\t\t<\/div>\n\t\t\t\t\t<\/div>\n\t\t<\/div>\n\t\t\t\t\t\t\t\t<\/div>\n\t\t\t\t\t<\/div>\n\t\t<\/section>\n\t\t\t\t<section class=\"elementor-section elementor-top-section elementor-element elementor-element-d96565e elementor-section-boxed elementor-section-height-default elementor-section-height-default neuron-fixed-no\" data-id=\"d96565e\" data-element_type=\"section\" data-settings=\"{&quot;background_background&quot;:&quot;classic&quot;}\">\n\t\t\t\t\t\t\t<div class=\"elementor-background-overlay\"><\/div>\n\t\t\t\t\t\t\t<div class=\"elementor-container elementor-column-gap-default\">\n\t\t\t\t\t\t\t<div class=\"elementor-row\">\n\t\t\t\t\t<div class=\"elementor-column elementor-col-100 elementor-top-column elementor-element elementor-element-493f6a7\" data-id=\"493f6a7\" data-element_type=\"column\">\n\t\t\t<div class=\"elementor-column-wrap elementor-element-populated\">\n\t\t\t\t\t\t\t<div class=\"elementor-widget-wrap\">\n\t\t\t\t\t\t<div class=\"elementor-element elementor-element-ce777a0 elementor-widget elementor-widget-spacer\" data-id=\"ce777a0\" data-element_type=\"widget\" data-widget_type=\"spacer.default\">\n\t\t\t\t<div class=\"elementor-widget-container\">\n\t\t\t\t\t<div class=\"elementor-spacer\">\n\t\t\t<div class=\"elementor-spacer-inner\"><\/div>\n\t\t<\/div>\n\t\t\t\t<\/div>\n\t\t\t\t<\/div>\n\t\t\t\t<section class=\"elementor-section elementor-inner-section elementor-element elementor-element-e0959ce elementor-section-boxed elementor-section-height-default elementor-section-height-default neuron-fixed-no\" data-id=\"e0959ce\" data-element_type=\"section\">\n\t\t\t\t\t\t<div class=\"elementor-container elementor-column-gap-default\">\n\t\t\t\t\t\t\t<div class=\"elementor-row\">\n\t\t\t\t\t<div class=\"elementor-column elementor-col-33 elementor-inner-column elementor-element elementor-element-d9bfac7\" data-id=\"d9bfac7\" data-element_type=\"column\">\n\t\t\t<div class=\"elementor-column-wrap elementor-element-populated\">\n\t\t\t\t\t\t\t<div class=\"elementor-widget-wrap\">\n\t\t\t\t\t\t<div class=\"elementor-element elementor-element-934f88d elementor-widget elementor-widget-image\" data-id=\"934f88d\" data-element_type=\"widget\" data-widget_type=\"image.default\">\n\t\t\t\t<div class=\"elementor-widget-container\">\n\t\t\t\t\t\t\t\t<div class=\"elementor-image\">\n\t\t\t\t\t\t\t\t\t\t\t\t<img decoding=\"async\" width=\"1020\" height=\"312\" src=\"https:\/\/cejume.mx\/wp\/wp-content\/uploads\/2020\/12\/RRL.png\" class=\"attachment-large size-large wp-image-30990\" alt=\"\" srcset=\"https:\/\/cejume.mx\/wp\/wp-content\/uploads\/2020\/12\/RRL.png 1020w, https:\/\/cejume.mx\/wp\/wp-content\/uploads\/2020\/12\/RRL-300x92.png 300w, https:\/\/cejume.mx\/wp\/wp-content\/uploads\/2020\/12\/RRL-768x235.png 768w, https:\/\/cejume.mx\/wp\/wp-content\/uploads\/2020\/12\/RRL-600x184.png 600w\" sizes=\"(max-width: 1020px) 100vw, 1020px\" \/>\t\t\t\t\t\t\t\t\t\t\t\t\t\t<\/div>\n\t\t\t\t\t\t<\/div>\n\t\t\t\t<\/div>\n\t\t\t\t\t\t<\/div>\n\t\t\t\t\t<\/div>\n\t\t<\/div>\n\t\t\t\t<div class=\"elementor-column elementor-col-33 elementor-inner-column elementor-element elementor-element-48f7700\" data-id=\"48f7700\" data-element_type=\"column\">\n\t\t\t<div class=\"elementor-column-wrap\">\n\t\t\t\t\t\t\t<div class=\"elementor-widget-wrap\">\n\t\t\t\t\t\t\t\t<\/div>\n\t\t\t\t\t<\/div>\n\t\t<\/div>\n\t\t\t\t<div class=\"elementor-column elementor-col-33 elementor-inner-column elementor-element elementor-element-c8348d5\" data-id=\"c8348d5\" data-element_type=\"column\">\n\t\t\t<div class=\"elementor-column-wrap elementor-element-populated\">\n\t\t\t\t\t\t\t<div class=\"elementor-widget-wrap\">\n\t\t\t\t\t\t<div class=\"elementor-element elementor-element-7424c21 elementor-widget elementor-widget-heading\" data-id=\"7424c21\" data-element_type=\"widget\" data-widget_type=\"heading.default\">\n\t\t\t\t<div class=\"elementor-widget-container\">\n\t\t\t<h2 class=\"elementor-heading-title elementor-size-default\"><span style=\"font-size: 36.6667px;\">Herramientas de profesionalizaci\u00f3n en el SJP del estado de Veracruz<\/span><\/h2>\t\t<\/div>\n\t\t\t\t<\/div>\n\t\t\t\t\t\t<\/div>\n\t\t\t\t\t<\/div>\n\t\t<\/div>\n\t\t\t\t\t\t\t\t<\/div>\n\t\t\t\t\t<\/div>\n\t\t<\/section>\n\t\t\t\t<div class=\"elementor-element elementor-element-a4fb6a2 elementor-widget elementor-widget-spacer\" data-id=\"a4fb6a2\" data-element_type=\"widget\" data-widget_type=\"spacer.default\">\n\t\t\t\t<div class=\"elementor-widget-container\">\n\t\t\t\t\t<div class=\"elementor-spacer\">\n\t\t\t<div class=\"elementor-spacer-inner\"><\/div>\n\t\t<\/div>\n\t\t\t\t<\/div>\n\t\t\t\t<\/div>\n\t\t\t\t<div class=\"elementor-element elementor-element-5069bd7 elementor-widget elementor-widget-spacer\" data-id=\"5069bd7\" data-element_type=\"widget\" data-widget_type=\"spacer.default\">\n\t\t\t\t<div class=\"elementor-widget-container\">\n\t\t\t\t\t<div class=\"elementor-spacer\">\n\t\t\t<div class=\"elementor-spacer-inner\"><\/div>\n\t\t<\/div>\n\t\t\t\t<\/div>\n\t\t\t\t<\/div>\n\t\t\t\t\t\t<\/div>\n\t\t\t\t\t<\/div>\n\t\t<\/div>\n\t\t\t\t\t\t\t\t<\/div>\n\t\t\t\t\t<\/div>\n\t\t<\/section>\n\t\t\t\t<section class=\"elementor-section elementor-top-section elementor-element elementor-element-6359d55 elementor-section-boxed elementor-section-height-default elementor-section-height-default neuron-fixed-no\" data-id=\"6359d55\" data-element_type=\"section\">\n\t\t\t\t\t\t<div class=\"elementor-container elementor-column-gap-default\">\n\t\t\t\t\t\t\t<div class=\"elementor-row\">\n\t\t\t\t\t<div class=\"elementor-column elementor-col-50 elementor-top-column elementor-element elementor-element-1954c06\" data-id=\"1954c06\" data-element_type=\"column\">\n\t\t\t<div class=\"elementor-column-wrap elementor-element-populated\">\n\t\t\t\t\t\t\t<div class=\"elementor-widget-wrap\">\n\t\t\t\t\t\t<div class=\"elementor-element elementor-element-f1292a2 elementor-widget elementor-widget-spacer\" data-id=\"f1292a2\" data-element_type=\"widget\" data-widget_type=\"spacer.default\">\n\t\t\t\t<div class=\"elementor-widget-container\">\n\t\t\t\t\t<div class=\"elementor-spacer\">\n\t\t\t<div class=\"elementor-spacer-inner\"><\/div>\n\t\t<\/div>\n\t\t\t\t<\/div>\n\t\t\t\t<\/div>\n\t\t\t\t<div class=\"elementor-element elementor-element-a2ed0f7 elementor-widget elementor-widget-image\" data-id=\"a2ed0f7\" data-element_type=\"widget\" data-widget_type=\"image.default\">\n\t\t\t\t<div class=\"elementor-widget-container\">\n\t\t\t\t\t\t\t\t<div class=\"elementor-image\">\n\t\t\t\t\t\t\t\t\t\t\t\t<img decoding=\"async\" width=\"1024\" height=\"684\" src=\"https:\/\/cejume.mx\/wp\/wp-content\/uploads\/2021\/03\/ver-doc1-1024x684.png\" class=\"attachment-large size-large wp-image-31665\" alt=\"\" srcset=\"https:\/\/cejume.mx\/wp\/wp-content\/uploads\/2021\/03\/ver-doc1-1024x684.png 1024w, https:\/\/cejume.mx\/wp\/wp-content\/uploads\/2021\/03\/ver-doc1-300x200.png 300w, https:\/\/cejume.mx\/wp\/wp-content\/uploads\/2021\/03\/ver-doc1-768x513.png 768w, https:\/\/cejume.mx\/wp\/wp-content\/uploads\/2021\/03\/ver-doc1-600x401.png 600w, https:\/\/cejume.mx\/wp\/wp-content\/uploads\/2021\/03\/ver-doc1.png 1376w\" sizes=\"(max-width: 1024px) 100vw, 1024px\" \/>\t\t\t\t\t\t\t\t\t\t\t\t\t\t<\/div>\n\t\t\t\t\t\t<\/div>\n\t\t\t\t<\/div>\n\t\t\t\t<div class=\"elementor-element elementor-element-6170f42 elementor-widget elementor-widget-text-editor\" data-id=\"6170f42\" data-element_type=\"widget\" data-widget_type=\"text-editor.default\">\n\t\t\t\t<div class=\"elementor-widget-container\">\n\t\t\t\t\t\t\t\t<div class=\"elementor-text-editor elementor-clearfix\">\n\t\t\t\t<p><\/p>\n<p><\/p><p><b>Rosa Hilda Rojas<\/b><\/p><p><b>Integrante de la Red de Representantes Locales de CEEAD<\/b><br><b>Representante en&nbsp;<\/b><font face=\"Montserrat, Helvetica, Arial, sans-serif\"><b>Veracruz<\/b><\/font><\/p>\t\t\t\t\t<\/div>\n\t\t\t\t\t\t<\/div>\n\t\t\t\t<\/div>\n\t\t\t\t<div class=\"elementor-element elementor-element-a15f236 elementor-widget elementor-widget-text-editor\" data-id=\"a15f236\" data-element_type=\"widget\" data-widget_type=\"text-editor.default\">\n\t\t\t\t<div class=\"elementor-widget-container\">\n\t\t\t\t\t\t\t\t<div class=\"elementor-text-editor elementor-clearfix\">\n\t\t\t\t<p><i>El objetivo del presente ensayo es conocer las herramientas de profesionalizaci\u00f3n con las que cuentan las instancias operadoras del Sistema de Justicia Penal, su reglamentaci\u00f3n y su contribuci\u00f3n a la mejora de la justicia penal en el estado de Veracruz.<\/i><\/p>\n<p><br><\/p>\n<p><b><i>Palabras clave: Servicio profesional de carrera, capacitaci\u00f3n, certificaci\u00f3n.<\/i><\/b><\/p>\n<p><br> El Reglamento de la Ley Org\u00e1nica de la Fiscal\u00eda General de Justicia del Estado de Veracruz, establece la existencia de un  Instituto de Formaci\u00f3n Profesional, cuya atribuci\u00f3n es intervenir en la formulaci\u00f3n, regulaci\u00f3n y el desarrollo del Servicio Profesional de Carrera,  definir los programas y requisitos a los que deben sujetarse el ingreso, permanencia, capacitaci\u00f3n, desarrollo administrativo, evaluaci\u00f3n, promoci\u00f3n y ascenso de las\/ los servidores p\u00fablicos de la Fiscal\u00eda General y elaborar los planes y programas de estudio e impartir los cursos de formaci\u00f3n y capacitaci\u00f3n profesional.<\/p>\n<p><br>Las instituciones operadoras del sistema de justicia, deben contar con personal capacitado, a fin de que estos cuenten con libertad para desempe\u00f1ar sus funciones con apego a la ley y sin injerencias externas, as\u00ed mismo, requieren certeza de que no ser\u00e1n sancionados o removidos de sus funciones de manera arbitraria, sin que exista un proceso definido para hacerlo. Y esto s\u00f3lo es posible si las instituciones del Sistema de Justicia Penal cuentan con un Servicio Profesional de Carrera, contemplado en la ley, regule de manera efectiva el reclutamiento, selecci\u00f3n, ingreso, certificaci\u00f3n, promoci\u00f3n, sanci\u00f3n y baja de sus integrantes.<\/p>\n<p><br>Es al Instituto de Formaci\u00f3n Profesional, que corresponde el desarrollo del Servicio Profesional de Carrera, siendo el Reglamento de Servicio Profesional de Carrera y de la Comisi\u00f3n de Honor y Justicia, que establece las etapas del Servicio Profesional de Carrera de la Fiscal\u00eda General, que comprenden los siguientes procesos: I. Ingreso: a) Convocatoria; b) Reclutamiento; c) Selecci\u00f3n; d) Certificaci\u00f3n; e) Formaci\u00f3n inicial; f) Nombramiento; g) Plan Individual de Carrera, y h) Reingreso. II. Desarrollo: a) Permanencia; b) Formaci\u00f3n Continua; c) Evaluaci\u00f3n del Desempe\u00f1o; d) Est\u00edmulos; e) Promoci\u00f3n; f) Renovaci\u00f3n de la Certificaci\u00f3n, y g) Vacaciones, Licencias, Permisos y Comisiones. III. Separaci\u00f3n: a) Separaci\u00f3n o Baja; b) R\u00e9gimen Disciplinario, y c) Recurso de Rectificaci\u00f3n.<\/p>\n<p><br>De lo anterior, se advierte que la certificaci\u00f3n, es un procedimiento mediante el cual las\/ los aspirantes se someten a evaluaciones de control de confianza establecidas por el Centro para su ingreso y los Integrantes de forma peri\u00f3dica en los procedimientos de promoci\u00f3n y permanencia, para comprobar el cumplimiento de los perfiles de personalidad, \u00e9ticos, socioecon\u00f3micos y m\u00e9dicos, as\u00ed como a las evaluaciones y procesos de capacitaci\u00f3n necesarios. Y las evaluaciones que realiza el Centro a las\/los Aspirantes, Fiscales, Peritos y Polic\u00edas, son Psicol\u00f3gica, Poligr\u00e1fica, Socioecon\u00f3mica, M\u00e9dica, y Toxicol\u00f3gica.<\/p>\n<p><br><\/p>\t\t\t\t\t<\/div>\n\t\t\t\t\t\t<\/div>\n\t\t\t\t<\/div>\n\t\t\t\t<div class=\"elementor-element elementor-element-dfd7f31 elementor-widget elementor-widget-text-editor\" data-id=\"dfd7f31\" data-element_type=\"widget\" data-widget_type=\"text-editor.default\">\n\t\t\t\t<div class=\"elementor-widget-container\">\n\t\t\t\t\t\t\t\t<div class=\"elementor-text-editor elementor-clearfix\">\n\t\t\t\t\t\t\t\t\t<\/div>\n\t\t\t\t\t\t<\/div>\n\t\t\t\t<\/div>\n\t\t\t\t\t\t<\/div>\n\t\t\t\t\t<\/div>\n\t\t<\/div>\n\t\t\t\t<div class=\"elementor-column elementor-col-50 elementor-top-column elementor-element elementor-element-dc1a7cf\" data-id=\"dc1a7cf\" data-element_type=\"column\">\n\t\t\t<div class=\"elementor-column-wrap elementor-element-populated\">\n\t\t\t\t\t\t\t<div class=\"elementor-widget-wrap\">\n\t\t\t\t\t\t<div class=\"elementor-element elementor-element-bf521dc elementor-widget elementor-widget-spacer\" data-id=\"bf521dc\" data-element_type=\"widget\" data-widget_type=\"spacer.default\">\n\t\t\t\t<div class=\"elementor-widget-container\">\n\t\t\t\t\t<div class=\"elementor-spacer\">\n\t\t\t<div class=\"elementor-spacer-inner\"><\/div>\n\t\t<\/div>\n\t\t\t\t<\/div>\n\t\t\t\t<\/div>\n\t\t\t\t<div class=\"elementor-element elementor-element-efe964a elementor-widget elementor-widget-text-editor\" data-id=\"efe964a\" data-element_type=\"widget\" data-widget_type=\"text-editor.default\">\n\t\t\t\t<div class=\"elementor-widget-container\">\n\t\t\t\t\t\t\t\t<div class=\"elementor-text-editor elementor-clearfix\">\n\t\t\t\t<p><\/p>\n<div><p><span style=\"font-family: Roboto, Helvetica, Arial, sans-serif; font-size: 15px; font-style: normal; font-weight: 400;\">Del an\u00e1lisis de las Herramientas de Profesionalizaci\u00f3n utilizadas por las instancias operadoras del Sistema de Justicia Penal \u2013 Fiscal\u00eda, Instituto Veracruzano de la Defensor\u00eda P\u00fablica y Comisi\u00f3n Ejecutiva Estatal de Atenci\u00f3n Integral de V\u00edctimas- se advierte que realizaron diversos cursos de capacitaci\u00f3n para Fiscales, Defensores P\u00fablicos y asesoras\/es jur\u00eddicos, con la finalidad de elevar la calidad de su desempe\u00f1o profesional, destacando que la Fiscal\u00eda, realiz\u00f3 un curso de formaci\u00f3n inicial y formaci\u00f3n continua, que son cursos importantes de acuerdo con el Programa Rector de Profesionalizaci\u00f3n del Secretariado Ejecutivo del Sistema Nacional de Seguridad P\u00fablica.<\/span><\/p><p><br><\/p><p>As\u00ed mismo, se observa que la Fiscal\u00eda General del Estado de Veracruz, emiti\u00f3 Convocatoria externa para ocupar el puesto de Fiscal con categor\u00eda A, encontr\u00e1ndose en la etapa de reclutamiento que vence el 4 de febrero del a\u00f1o en curso.<\/p>\n<p><br>Las\/los Aspirantes que aprueben la etapa de selecci\u00f3n, continuar\u00e1n a la Etapa de Formaci\u00f3n Inicial, que tiene una carga horaria m\u00ednima de 878 horas. La convocatoria y el reclutamiento constituyen los primeros pasos para ingresar la funci\u00f3n ministerial, policial y pericial.<\/p>\n<p><br>Sin duda debe existir una vinculaci\u00f3n entre el Programa Rector de Profesionalizaci\u00f3n y el Servicio Profesional de Carrera, en la Fiscal\u00eda de Veracruz, sin embargo, no puede afirmarse la existencia de un Servicio Profesional de Carrera en la citada Fiscal\u00eda.<\/p>\n<p><br><\/p>\n<p>Ahora, por cuanto hace a las herramientas de profesionalizaci\u00f3n en el Instituto Veracruzano de la Defensor\u00eda P\u00fablica, advertimos el esfuerzo realizado para la capacitaci\u00f3n de algunos defensores, no en su totalidad, empero no se aprecia que exista un Programa de Capacitaci\u00f3n continua, y menos a\u00fan, que la asistencia a los cursos de capacitaci\u00f3n por parte de los defensores, sea una respuesta a las necesidades de cada uno o bien en atenci\u00f3n a mejorar sus habilidades, aptitudes en la defensa penal.<\/p>\n<p><br>Debe precisarse que el Instituto Veracruzano de la Defensor\u00eda P\u00fablica, es un \u00d3rgano desconcentrado de la Secretar\u00eda de Gobierno, y no tiene p\u00e1gina oficial que permita obtener informaci\u00f3n de los cursos.<\/p>\n<p><br>Otro tanto sucede con la Comisi\u00f3n Ejecutiva Estatal de Atenci\u00f3n Integral a v\u00edctimas, donde se aprecia asistencia a cursos de capacitaci\u00f3n por parte de los asesores jur\u00eddicos y psic\u00f3logos, que sin duda podr\u00e1n ser de utilidad para la atenci\u00f3n de las v\u00edctimas de delitos de desaparici\u00f3n de personas. feminicidios, homicidios dolosos y en general v\u00edctimas directas o indirectas, lo cierto es que no se aprecia que la capacitaci\u00f3n responda a un Plan o Programa de Capacitaci\u00f3n de la Comisi\u00f3n, o con miras a la obtenci\u00f3n de una certificaci\u00f3n de los asesores\/as.<\/p>\n<p><br>Cabe significar que las p\u00e1ginas oficiales de la Fiscal\u00eda del Estado y Comisi\u00f3n Ejecutiva Estatal de Atenci\u00f3n Integral a V\u00edctimas, no contienen informaci\u00f3n en relaci\u00f3n a las herramientas de profesionalizaci\u00f3n implementadas por tales instituciones, por lo que no fue f\u00e1cil obtener informaci\u00f3n, en relaci\u00f3n a los cursos de capacitaci\u00f3n impartidos a los Fiscales y asesores jur\u00eddicos, salvo la Convocatoria externa para ocupar el puesto de Fiscal con categor\u00eda A, que si aparece en la p\u00e1gina oficial de la Fiscal\u00eda.<\/p>\n<p><br>A pesar de la existencia de una Reglamentaci\u00f3n del servicio profesional a cargo del Instituto de Formaci\u00f3n, de la Fiscal\u00eda General de Veracruz, no se observa una carrera ministerial, policial y ministerial, solamente algunos cursos aislados de capacitaci\u00f3n, sin estar orientados a una certificaci\u00f3n. Lo mismo sucede trat\u00e1ndose de los defensores y asesores jur\u00eddicos, de ah\u00ed que sea necesario un Plan a fin de lograr la certificaci\u00f3n de las\/ los operadores jur\u00eddicos del Sistema de Justicia Penal.<\/p>\n<ul style=\"font-family: Roboto, Helvetica, Arial, sans-serif; font-weight: 400; font-style: normal; font-size: 15px;\">\n<\/ul>\n<\/div>\t\t\t\t\t<\/div>\n\t\t\t\t\t\t<\/div>\n\t\t\t\t<\/div>\n\t\t\t\t\t\t<\/div>\n\t\t\t\t\t<\/div>\n\t\t<\/div>\n\t\t\t\t\t\t\t\t<\/div>\n\t\t\t\t\t<\/div>\n\t\t<\/section>\n\t\t\t\t<section class=\"elementor-section elementor-top-section elementor-element elementor-element-0b5d668 elementor-section-boxed elementor-section-height-default elementor-section-height-default neuron-fixed-no\" data-id=\"0b5d668\" data-element_type=\"section\">\n\t\t\t\t\t\t<div class=\"elementor-container elementor-column-gap-default\">\n\t\t\t\t\t\t\t<div class=\"elementor-row\">\n\t\t\t\t\t<div class=\"elementor-column elementor-col-100 elementor-top-column elementor-element elementor-element-e8d30d5\" data-id=\"e8d30d5\" data-element_type=\"column\">\n\t\t\t<div class=\"elementor-column-wrap\">\n\t\t\t\t\t\t\t<div class=\"elementor-widget-wrap\">\n\t\t\t\t\t\t\t\t<\/div>\n\t\t\t\t\t<\/div>\n\t\t<\/div>\n\t\t\t\t\t\t\t\t<\/div>\n\t\t\t\t\t<\/div>\n\t\t<\/section>\n\t\t\t\t<section class=\"elementor-section elementor-top-section elementor-element elementor-element-6ee832f elementor-section-boxed elementor-section-height-default elementor-section-height-default neuron-fixed-no\" data-id=\"6ee832f\" data-element_type=\"section\">\n\t\t\t\t\t\t<div class=\"elementor-container elementor-column-gap-default\">\n\t\t\t\t\t\t\t<div class=\"elementor-row\">\n\t\t\t\t\t<div class=\"elementor-column elementor-col-100 elementor-top-column elementor-element elementor-element-55622fe\" data-id=\"55622fe\" data-element_type=\"column\">\n\t\t\t<div class=\"elementor-column-wrap\">\n\t\t\t\t\t\t\t<div class=\"elementor-widget-wrap\">\n\t\t\t\t\t\t\t\t<\/div>\n\t\t\t\t\t<\/div>\n\t\t<\/div>\n\t\t\t\t\t\t\t\t<\/div>\n\t\t\t\t\t<\/div>\n\t\t<\/section>\n\t\t\t\t\t\t\t\t\t<\/div>\n\t\t\t<\/div>\n\t\t\t\t\t<\/div>\n\t\t","protected":false},"excerpt":{"rendered":"<p>A continuaci\u00f3n, te compartimos algunos datos interesantes sobre la tercera generaci\u00f3n del Programa Semilla, que pronto terminar\u00e1 sus actividades.<\/p>\n","protected":false},"author":3,"featured_media":31014,"comment_status":"closed","ping_status":"closed","sticky":false,"template":"elementor_header_footer","format":"standard","meta":[],"categories":[45],"tags":[69,68],"acf":[],"_links":{"self":[{"href":"https:\/\/cejume.mx\/index.php\/wp-json\/wp\/v2\/posts\/31663"}],"collection":[{"href":"https:\/\/cejume.mx\/index.php\/wp-json\/wp\/v2\/posts"}],"about":[{"href":"https:\/\/cejume.mx\/index.php\/wp-json\/wp\/v2\/types\/post"}],"author":[{"embeddable":true,"href":"https:\/\/cejume.mx\/index.php\/wp-json\/wp\/v2\/users\/3"}],"replies":[{"embeddable":true,"href":"https:\/\/cejume.mx\/index.php\/wp-json\/wp\/v2\/comments?post=31663"}],"version-history":[{"count":7,"href":"https:\/\/cejume.mx\/index.php\/wp-json\/wp\/v2\/posts\/31663\/revisions"}],"predecessor-version":[{"id":31671,"href":"https:\/\/cejume.mx\/index.php\/wp-json\/wp\/v2\/posts\/31663\/revisions\/31671"}],"wp:featuredmedia":[{"embeddable":true,"href":"https:\/\/cejume.mx\/index.php\/wp-json\/wp\/v2\/media\/31014"}],"wp:attachment":[{"href":"https:\/\/cejume.mx\/index.php\/wp-json\/wp\/v2\/media?parent=31663"}],"wp:term":[{"taxonomy":"category","embeddable":true,"href":"https:\/\/cejume.mx\/index.php\/wp-json\/wp\/v2\/categories?post=31663"},{"taxonomy":"post_tag","embeddable":true,"href":"https:\/\/cejume.mx\/index.php\/wp-json\/wp\/v2\/tags?post=31663"}],"curies":[{"name":"wp","href":"https:\/\/api.w.org\/{rel}","templated":true}]}}