{"id":31676,"date":"2021-04-06T09:56:11","date_gmt":"2021-04-06T14:56:11","guid":{"rendered":"http:\/\/34.70.206.201\/cejume\/wp\/?p=31676"},"modified":"2021-04-06T17:00:26","modified_gmt":"2021-04-06T22:00:26","slug":"la-importancia-de-la-etica-y-responsabilidad-profesional-de-los-y-las-abogadas-en-cejume","status":"publish","type":"post","link":"https:\/\/cejume.mx\/index.php\/2021\/04\/06\/la-importancia-de-la-etica-y-responsabilidad-profesional-de-los-y-las-abogadas-en-cejume\/","title":{"rendered":"La importancia de la \u00e9tica y responsabilidad profesional de los y las abogadas en CEJUME"},"content":{"rendered":"\t\t<div data-elementor-type=\"wp-post\" data-elementor-id=\"31676\" class=\"elementor elementor-31676\" data-elementor-post-type=\"post\">\n\t\t\t\t\t\t<div class=\"elementor-inner\">\n\t\t\t\t<div class=\"elementor-section-wrap\">\n\t\t\t\t\t\t\t\t\t<section class=\"elementor-section elementor-top-section elementor-element elementor-element-a958318 elementor-section-boxed elementor-section-height-default elementor-section-height-default neuron-fixed-no\" data-id=\"a958318\" data-element_type=\"section\">\n\t\t\t\t\t\t<div class=\"elementor-container elementor-column-gap-default\">\n\t\t\t\t\t\t\t<div class=\"elementor-row\">\n\t\t\t\t\t<div class=\"elementor-column elementor-col-100 elementor-top-column elementor-element elementor-element-fe89483\" data-id=\"fe89483\" data-element_type=\"column\">\n\t\t\t<div class=\"elementor-column-wrap\">\n\t\t\t\t\t\t\t<div class=\"elementor-widget-wrap\">\n\t\t\t\t\t\t\t\t<\/div>\n\t\t\t\t\t<\/div>\n\t\t<\/div>\n\t\t\t\t\t\t\t\t<\/div>\n\t\t\t\t\t<\/div>\n\t\t<\/section>\n\t\t\t\t<section class=\"elementor-section elementor-top-section elementor-element elementor-element-d96565e elementor-section-boxed elementor-section-height-default elementor-section-height-default neuron-fixed-no\" data-id=\"d96565e\" data-element_type=\"section\" data-settings=\"{&quot;background_background&quot;:&quot;classic&quot;}\">\n\t\t\t\t\t\t\t<div class=\"elementor-background-overlay\"><\/div>\n\t\t\t\t\t\t\t<div class=\"elementor-container elementor-column-gap-default\">\n\t\t\t\t\t\t\t<div class=\"elementor-row\">\n\t\t\t\t\t<div class=\"elementor-column elementor-col-100 elementor-top-column elementor-element elementor-element-493f6a7\" data-id=\"493f6a7\" data-element_type=\"column\">\n\t\t\t<div class=\"elementor-column-wrap elementor-element-populated\">\n\t\t\t\t\t\t\t<div class=\"elementor-widget-wrap\">\n\t\t\t\t\t\t<div class=\"elementor-element elementor-element-ce777a0 elementor-widget elementor-widget-spacer\" data-id=\"ce777a0\" data-element_type=\"widget\" data-widget_type=\"spacer.default\">\n\t\t\t\t<div class=\"elementor-widget-container\">\n\t\t\t\t\t<div class=\"elementor-spacer\">\n\t\t\t<div class=\"elementor-spacer-inner\"><\/div>\n\t\t<\/div>\n\t\t\t\t<\/div>\n\t\t\t\t<\/div>\n\t\t\t\t<section class=\"elementor-section elementor-inner-section elementor-element elementor-element-e0959ce elementor-section-boxed elementor-section-height-default elementor-section-height-default neuron-fixed-no\" data-id=\"e0959ce\" data-element_type=\"section\">\n\t\t\t\t\t\t<div class=\"elementor-container elementor-column-gap-default\">\n\t\t\t\t\t\t\t<div class=\"elementor-row\">\n\t\t\t\t\t<div class=\"elementor-column elementor-col-33 elementor-inner-column elementor-element elementor-element-d9bfac7\" data-id=\"d9bfac7\" data-element_type=\"column\">\n\t\t\t<div class=\"elementor-column-wrap elementor-element-populated\">\n\t\t\t\t\t\t\t<div class=\"elementor-widget-wrap\">\n\t\t\t\t\t\t<div class=\"elementor-element elementor-element-934f88d elementor-widget elementor-widget-image\" data-id=\"934f88d\" data-element_type=\"widget\" data-widget_type=\"image.default\">\n\t\t\t\t<div class=\"elementor-widget-container\">\n\t\t\t\t\t\t\t\t<div class=\"elementor-image\">\n\t\t\t\t\t\t\t\t\t\t\t\t<img decoding=\"async\" width=\"300\" height=\"264\" src=\"https:\/\/cejume.mx\/wp\/wp-content\/uploads\/2020\/10\/perfiles-CEJUME-300x264.png\" class=\"attachment-medium size-medium wp-image-30884\" alt=\"\" srcset=\"https:\/\/cejume.mx\/wp\/wp-content\/uploads\/2020\/10\/perfiles-CEJUME-300x264.png 300w, https:\/\/cejume.mx\/wp\/wp-content\/uploads\/2020\/10\/perfiles-CEJUME-1024x901.png 1024w, https:\/\/cejume.mx\/wp\/wp-content\/uploads\/2020\/10\/perfiles-CEJUME-768x676.png 768w, https:\/\/cejume.mx\/wp\/wp-content\/uploads\/2020\/10\/perfiles-CEJUME-600x528.png 600w, https:\/\/cejume.mx\/wp\/wp-content\/uploads\/2020\/10\/perfiles-CEJUME.png 1200w\" sizes=\"(max-width: 300px) 100vw, 300px\" \/>\t\t\t\t\t\t\t\t\t\t\t\t\t\t<\/div>\n\t\t\t\t\t\t<\/div>\n\t\t\t\t<\/div>\n\t\t\t\t\t\t<\/div>\n\t\t\t\t\t<\/div>\n\t\t<\/div>\n\t\t\t\t<div class=\"elementor-column elementor-col-33 elementor-inner-column elementor-element elementor-element-48f7700\" data-id=\"48f7700\" data-element_type=\"column\">\n\t\t\t<div class=\"elementor-column-wrap\">\n\t\t\t\t\t\t\t<div class=\"elementor-widget-wrap\">\n\t\t\t\t\t\t\t\t<\/div>\n\t\t\t\t\t<\/div>\n\t\t<\/div>\n\t\t\t\t<div class=\"elementor-column elementor-col-33 elementor-inner-column elementor-element elementor-element-c8348d5\" data-id=\"c8348d5\" data-element_type=\"column\">\n\t\t\t<div class=\"elementor-column-wrap elementor-element-populated\">\n\t\t\t\t\t\t\t<div class=\"elementor-widget-wrap\">\n\t\t\t\t\t\t<div class=\"elementor-element elementor-element-7424c21 elementor-widget elementor-widget-heading\" data-id=\"7424c21\" data-element_type=\"widget\" data-widget_type=\"heading.default\">\n\t\t\t\t<div class=\"elementor-widget-container\">\n\t\t\t<h2 class=\"elementor-heading-title elementor-size-default\"><span style=\"font-size: 36.6667px;\">La importancia de la \u00e9tica y responsabilidad profesional de los y las abogadas en CEJUME<\/span><\/h2>\t\t<\/div>\n\t\t\t\t<\/div>\n\t\t\t\t\t\t<\/div>\n\t\t\t\t\t<\/div>\n\t\t<\/div>\n\t\t\t\t\t\t\t\t<\/div>\n\t\t\t\t\t<\/div>\n\t\t<\/section>\n\t\t\t\t<div class=\"elementor-element elementor-element-a4fb6a2 elementor-widget elementor-widget-spacer\" data-id=\"a4fb6a2\" data-element_type=\"widget\" data-widget_type=\"spacer.default\">\n\t\t\t\t<div class=\"elementor-widget-container\">\n\t\t\t\t\t<div class=\"elementor-spacer\">\n\t\t\t<div class=\"elementor-spacer-inner\"><\/div>\n\t\t<\/div>\n\t\t\t\t<\/div>\n\t\t\t\t<\/div>\n\t\t\t\t<div class=\"elementor-element elementor-element-5069bd7 elementor-widget elementor-widget-spacer\" data-id=\"5069bd7\" data-element_type=\"widget\" data-widget_type=\"spacer.default\">\n\t\t\t\t<div class=\"elementor-widget-container\">\n\t\t\t\t\t<div class=\"elementor-spacer\">\n\t\t\t<div class=\"elementor-spacer-inner\"><\/div>\n\t\t<\/div>\n\t\t\t\t<\/div>\n\t\t\t\t<\/div>\n\t\t\t\t\t\t<\/div>\n\t\t\t\t\t<\/div>\n\t\t<\/div>\n\t\t\t\t\t\t\t\t<\/div>\n\t\t\t\t\t<\/div>\n\t\t<\/section>\n\t\t\t\t<section class=\"elementor-section elementor-top-section elementor-element elementor-element-6359d55 elementor-section-boxed elementor-section-height-default elementor-section-height-default neuron-fixed-no\" data-id=\"6359d55\" data-element_type=\"section\">\n\t\t\t\t\t\t<div class=\"elementor-container elementor-column-gap-default\">\n\t\t\t\t\t\t\t<div class=\"elementor-row\">\n\t\t\t\t\t<div class=\"elementor-column elementor-col-50 elementor-top-column elementor-element elementor-element-a1dee48\" data-id=\"a1dee48\" data-element_type=\"column\">\n\t\t\t<div class=\"elementor-column-wrap elementor-element-populated\">\n\t\t\t\t\t\t\t<div class=\"elementor-widget-wrap\">\n\t\t\t\t\t\t<div class=\"elementor-element elementor-element-dbf6127 elementor-widget elementor-widget-spacer\" data-id=\"dbf6127\" data-element_type=\"widget\" data-widget_type=\"spacer.default\">\n\t\t\t\t<div class=\"elementor-widget-container\">\n\t\t\t\t\t<div class=\"elementor-spacer\">\n\t\t\t<div class=\"elementor-spacer-inner\"><\/div>\n\t\t<\/div>\n\t\t\t\t<\/div>\n\t\t\t\t<\/div>\n\t\t\t\t<div class=\"elementor-element elementor-element-5374b0a elementor-widget elementor-widget-text-editor\" data-id=\"5374b0a\" data-element_type=\"widget\" data-widget_type=\"text-editor.default\">\n\t\t\t\t<div class=\"elementor-widget-container\">\n\t\t\t\t\t\t\t\t<div class=\"elementor-text-editor elementor-clearfix\">\n\t\t\t\t<p><a href=\"mailto:sergioar@ceead.org.mx\" target=\"_blank\"><b>Sergio Iv\u00e1n Anzola Rodr\u00edguez<\/b><\/a><br><\/p>\t\t\t\t\t<\/div>\n\t\t\t\t\t\t<\/div>\n\t\t\t\t<\/div>\n\t\t\t\t<div class=\"elementor-element elementor-element-c439ab4 elementor-widget elementor-widget-text-editor\" data-id=\"c439ab4\" data-element_type=\"widget\" data-widget_type=\"text-editor.default\">\n\t\t\t\t<div class=\"elementor-widget-container\">\n\t\t\t\t\t\t\t\t<div class=\"elementor-text-editor elementor-clearfix\">\n\t\t\t\t<p>En la aplicaci\u00f3n cotidiana del derecho penal hay muchas cosas importantes en juego: los derechos de las v\u00edctimas, de las y los investigados y de la sociedad en general. Que una persona sea privada de su libertad injustamente, o que la v\u00edctima de un delito no encuentre justicia pronta y efectiva es algo que nos preocupa a todas y todos.<\/p>\n<p><br><\/p>\n<p>A pesar del impacto que el derecho penal tiene sobre nuestras vidas, una gran parte de su aplicaci\u00f3n est\u00e1 en manos exclusivas de profesionales del derecho. Si bien la ciudadan\u00eda, a trav\u00e9s de organizaciones civiles o de profesiones como el periodismo, ejerce una vigilancia en la manera en la que las y los profesionales del derecho realizan sus tareas, lo cierto es que una parte importante de nuestra vida recae en las manos de quienes operan el sistema de justicia penal. De manera que lo que hagan o dejen de hacer trasciende su esfera personal y profesional y tiene efectos sobre terceros.<\/p>\t\t\t\t\t<\/div>\n\t\t\t\t\t\t<\/div>\n\t\t\t\t<\/div>\n\t\t\t\t<div class=\"elementor-element elementor-element-69744ab elementor-widget elementor-widget-image\" data-id=\"69744ab\" data-element_type=\"widget\" data-widget_type=\"image.default\">\n\t\t\t\t<div class=\"elementor-widget-container\">\n\t\t\t\t\t\t\t\t<div class=\"elementor-image\">\n\t\t\t\t\t\t\t\t\t\t\t\t<img decoding=\"async\" src=\"https:\/\/cejume.mx\/wp\/wp-content\/uploads\/2021\/02\/lineamiento-E\u0301TICA-300x300.jpg\" title=\"lineamiento-E\u0301TICA\" alt=\"lineamiento-E\u0301TICA\" loading=\"lazy\" \/>\t\t\t\t\t\t\t\t\t\t\t\t\t\t<\/div>\n\t\t\t\t\t\t<\/div>\n\t\t\t\t<\/div>\n\t\t\t\t<div class=\"elementor-element elementor-element-0f37282 elementor-align-center elementor-widget elementor-widget-button\" data-id=\"0f37282\" data-element_type=\"widget\" data-widget_type=\"button.default\">\n\t\t\t\t<div class=\"elementor-widget-container\">\n\t\t\t\t\t<div class=\"elementor-button-wrapper\">\n\t\t\t<a class=\"elementor-button elementor-button-link elementor-size-sm\" href=\"https:\/\/cejume.mx\/wp\/wp-content\/uploads\/2021\/02\/lineamiento-etica-profesional-1-1.pdf\">\n\t\t\t\t\t\t<span class=\"elementor-button-content-wrapper\">\n\t\t\t\t\t\t<span class=\"elementor-button-text\">DESCARGA<\/span>\n\t\t<\/span>\n\t\t\t\t\t<\/a>\n\t\t<\/div>\n\t\t\t\t<\/div>\n\t\t\t\t<\/div>\n\t\t\t\t<div class=\"elementor-element elementor-element-97427e3 elementor-widget elementor-widget-text-editor\" data-id=\"97427e3\" data-element_type=\"widget\" data-widget_type=\"text-editor.default\">\n\t\t\t\t<div class=\"elementor-widget-container\">\n\t\t\t\t\t\t\t\t<div class=\"elementor-text-editor elementor-clearfix\">\n\t\t\t\t<p><\/p>\n<p>La \u00e9tica y responsabilidad profesional es aquella rama del derecho que define los valores que deben perseguir las y los abogados, as\u00ed como los deberes que de esos valores se desprenden, las prohibiciones o faltas que atentan contra los valores de la profesi\u00f3n y, en algunos casos, los \u00f3rganos y procedimientos que se encargan de vigilar el actuar \u00e9tico de los y las profesionistas. En este sentido, la \u00e9tica y responsabilidad profesional funge como el mecanismo que pretende cerrar la brecha entre la ciudadan\u00eda y los y las profesionistas del derecho: como el conocimiento de los y las abogadas es un conocimiento t\u00e9cnico al que la ciudadan\u00eda no siempre tienen acceso, la \u00e9tica y responsabilidad profesional instilan en las y los profesionistas (persuasiva y coercitivamente) una serie de valores y actitudes para que su actuar sea conforme a los fines que la sociedad ha encargado a la profesi\u00f3n. <\/p>\n<p><br><\/p>\n<p>En pocas palabras, es algo as\u00ed como \u201cdado que yo, como parte de la ciudadan\u00eda, no s\u00e9 mucho del ejercicio profesional del derecho y no puedo juzgar si determinada actuaci\u00f3n es correcta o no, de acuerdo a los est\u00e1ndares de la profesi\u00f3n, la mejor forma de garantizar que esta act\u00fae correctamente es haciendo que las y los profesionales del derecho se vigilen e impongan pautas de comportamiento, haciendo que tengan una \u00e9tica profesional\u201d. No sobra se\u00f1alar que hay actuaciones que son evidentemente incorrectas y adem\u00e1s, delictivas, como sobornar a un testigo o a una funcionaria p\u00fablica. Estas actuaciones conciernen entonces no solo a la \u00e9tica y responsabilidad profesional, sino tambi\u00e9n al derecho penal.<\/p>\t\t\t\t\t<\/div>\n\t\t\t\t\t\t<\/div>\n\t\t\t\t<\/div>\n\t\t\t\t<div class=\"elementor-element elementor-element-62db0d0 elementor-widget elementor-widget-spacer\" data-id=\"62db0d0\" data-element_type=\"widget\" data-widget_type=\"spacer.default\">\n\t\t\t\t<div class=\"elementor-widget-container\">\n\t\t\t\t\t<div class=\"elementor-spacer\">\n\t\t\t<div class=\"elementor-spacer-inner\"><\/div>\n\t\t<\/div>\n\t\t\t\t<\/div>\n\t\t\t\t<\/div>\n\t\t\t\t\t\t<\/div>\n\t\t\t\t\t<\/div>\n\t\t<\/div>\n\t\t\t\t<div class=\"elementor-column elementor-col-50 elementor-top-column elementor-element elementor-element-1954c06\" data-id=\"1954c06\" data-element_type=\"column\">\n\t\t\t<div class=\"elementor-column-wrap elementor-element-populated\">\n\t\t\t\t\t\t\t<div class=\"elementor-widget-wrap\">\n\t\t\t\t\t\t<div class=\"elementor-element elementor-element-bf521dc elementor-widget elementor-widget-spacer\" data-id=\"bf521dc\" data-element_type=\"widget\" data-widget_type=\"spacer.default\">\n\t\t\t\t<div class=\"elementor-widget-container\">\n\t\t\t\t\t<div class=\"elementor-spacer\">\n\t\t\t<div class=\"elementor-spacer-inner\"><\/div>\n\t\t<\/div>\n\t\t\t\t<\/div>\n\t\t\t\t<\/div>\n\t\t\t\t<div class=\"elementor-element elementor-element-6170f42 elementor-widget elementor-widget-text-editor\" data-id=\"6170f42\" data-element_type=\"widget\" data-widget_type=\"text-editor.default\">\n\t\t\t\t<div class=\"elementor-widget-container\">\n\t\t\t\t\t\t\t\t<div class=\"elementor-text-editor elementor-clearfix\">\n\t\t\t\t<p><\/p>\n<p><\/p><p>Conscientes de la importancia de la \u00e9tica y responsabilidad profesional de las y los operadores del SJPA, el proyecto CEJUME ha abordado este tema en dos sentidos: procurando que los contenidos est\u00e9n apegados a estos grandes valores y, adem\u00e1s, elaboramos un Curso Complementario de \u00c9tica y Responsabilidad Profesional en el Sistema de Justicia Penal Acusatorio, el cual est\u00e1 abierto para cualquier persona interesada. El curso lo desarroll\u00f3 el \u00e1rea de \u00c9tica y Responsabilidad Profesional del CEEAD, junto con personas expertas nacionales e internacionales, como abogadas y abogados, defensores, personal del ministerio p\u00fablico y personal acad\u00e9mico. El curso se caracteriza por centrarse en los dilemas \u00e9ticos que enfrentan las y los operadores jur\u00eddicos en su d\u00eda a d\u00eda. Optamos por alejarnos un poco de la teor\u00eda y m\u00e1s bien ilustrar situaciones reales y complicadas (unas m\u00e1s que otras) en las que es necesario ejercer una deliberaci\u00f3n \u00e9tica cuidadosa.<\/p><p><br><\/p><p>Si bien el campo de la \u00e9tica y responsabilidad profesional ha sido poco desarrollado en M\u00e9xico, creemos que el curso se a\u00fana a esfuerzos que se han hecho, desde distintos frentes, para cimentar un \u00e1rea vital para consolidar el Estado de derecho. Les invitamos a que est\u00e9n atentos y atentas a nuestras fechas de inscripci\u00f3n, tomen el curso, nos compartan sus opiniones y nos ayuden a fortalecerlo y mejorarlo d\u00eda a d\u00eda.<\/p>\t\t\t\t\t<\/div>\n\t\t\t\t\t\t<\/div>\n\t\t\t\t<\/div>\n\t\t\t\t<div class=\"elementor-element elementor-element-e36cbb3 elementor-widget elementor-widget-spacer\" data-id=\"e36cbb3\" data-element_type=\"widget\" data-widget_type=\"spacer.default\">\n\t\t\t\t<div class=\"elementor-widget-container\">\n\t\t\t\t\t<div class=\"elementor-spacer\">\n\t\t\t<div class=\"elementor-spacer-inner\"><\/div>\n\t\t<\/div>\n\t\t\t\t<\/div>\n\t\t\t\t<\/div>\n\t\t\t\t<div class=\"elementor-element elementor-element-79b8e49 elementor-widget elementor-widget-image\" data-id=\"79b8e49\" data-element_type=\"widget\" data-widget_type=\"image.default\">\n\t\t\t\t<div class=\"elementor-widget-container\">\n\t\t\t\t\t\t\t\t<div class=\"elementor-image\">\n\t\t\t\t\t\t\t\t\t\t\t\t<img decoding=\"async\" width=\"1024\" height=\"897\" src=\"https:\/\/cejume.mx\/wp\/wp-content\/uploads\/2021\/04\/sergio-1024x897.png\" class=\"attachment-large size-large wp-image-31744\" alt=\"\" srcset=\"https:\/\/cejume.mx\/wp\/wp-content\/uploads\/2021\/04\/sergio-1024x897.png 1024w, https:\/\/cejume.mx\/wp\/wp-content\/uploads\/2021\/04\/sergio-300x263.png 300w, https:\/\/cejume.mx\/wp\/wp-content\/uploads\/2021\/04\/sergio-768x673.png 768w, https:\/\/cejume.mx\/wp\/wp-content\/uploads\/2021\/04\/sergio-600x526.png 600w, https:\/\/cejume.mx\/wp\/wp-content\/uploads\/2021\/04\/sergio.png 1058w\" sizes=\"(max-width: 1024px) 100vw, 1024px\" \/>\t\t\t\t\t\t\t\t\t\t\t\t\t\t<\/div>\n\t\t\t\t\t\t<\/div>\n\t\t\t\t<\/div>\n\t\t\t\t\t\t<\/div>\n\t\t\t\t\t<\/div>\n\t\t<\/div>\n\t\t\t\t\t\t\t\t<\/div>\n\t\t\t\t\t<\/div>\n\t\t<\/section>\n\t\t\t\t<section class=\"elementor-section elementor-top-section elementor-element elementor-element-0f38a1b elementor-section-boxed elementor-section-height-default elementor-section-height-default neuron-fixed-no\" data-id=\"0f38a1b\" data-element_type=\"section\">\n\t\t\t\t\t\t<div class=\"elementor-container elementor-column-gap-default\">\n\t\t\t\t\t\t\t<div class=\"elementor-row\">\n\t\t\t\t\t<div class=\"elementor-column elementor-col-100 elementor-top-column elementor-element elementor-element-63344b3\" data-id=\"63344b3\" data-element_type=\"column\">\n\t\t\t<div class=\"elementor-column-wrap\">\n\t\t\t\t\t\t\t<div class=\"elementor-widget-wrap\">\n\t\t\t\t\t\t\t\t<\/div>\n\t\t\t\t\t<\/div>\n\t\t<\/div>\n\t\t\t\t\t\t\t\t<\/div>\n\t\t\t\t\t<\/div>\n\t\t<\/section>\n\t\t\t\t\t\t\t\t\t<\/div>\n\t\t\t<\/div>\n\t\t\t\t\t<\/div>\n\t\t","protected":false},"excerpt":{"rendered":"<p>Es una red con el objetivo de coadyuvar en la construcci\u00f3n de voluntad pol\u00edtica para generar la aceptaci\u00f3n y adopci\u00f3n del modelo de evaluaci\u00f3n de conocimientos y habilidades del Sistema de Justicia Penal.<\/p>\n","protected":false},"author":3,"featured_media":31004,"comment_status":"closed","ping_status":"closed","sticky":false,"template":"elementor_header_footer","format":"standard","meta":[],"categories":[70],"tags":[69,68],"acf":[],"_links":{"self":[{"href":"https:\/\/cejume.mx\/index.php\/wp-json\/wp\/v2\/posts\/31676"}],"collection":[{"href":"https:\/\/cejume.mx\/index.php\/wp-json\/wp\/v2\/posts"}],"about":[{"href":"https:\/\/cejume.mx\/index.php\/wp-json\/wp\/v2\/types\/post"}],"author":[{"embeddable":true,"href":"https:\/\/cejume.mx\/index.php\/wp-json\/wp\/v2\/users\/3"}],"replies":[{"embeddable":true,"href":"https:\/\/cejume.mx\/index.php\/wp-json\/wp\/v2\/comments?post=31676"}],"version-history":[{"count":25,"href":"https:\/\/cejume.mx\/index.php\/wp-json\/wp\/v2\/posts\/31676\/revisions"}],"predecessor-version":[{"id":31747,"href":"https:\/\/cejume.mx\/index.php\/wp-json\/wp\/v2\/posts\/31676\/revisions\/31747"}],"wp:featuredmedia":[{"embeddable":true,"href":"https:\/\/cejume.mx\/index.php\/wp-json\/wp\/v2\/media\/31004"}],"wp:attachment":[{"href":"https:\/\/cejume.mx\/index.php\/wp-json\/wp\/v2\/media?parent=31676"}],"wp:term":[{"taxonomy":"category","embeddable":true,"href":"https:\/\/cejume.mx\/index.php\/wp-json\/wp\/v2\/categories?post=31676"},{"taxonomy":"post_tag","embeddable":true,"href":"https:\/\/cejume.mx\/index.php\/wp-json\/wp\/v2\/tags?post=31676"}],"curies":[{"name":"wp","href":"https:\/\/api.w.org\/{rel}","templated":true}]}}