{"id":32006,"date":"2021-07-21T19:37:48","date_gmt":"2021-07-22T00:37:48","guid":{"rendered":"http:\/\/34.70.206.201\/cejume\/wp\/?p=32006"},"modified":"2021-07-21T19:39:56","modified_gmt":"2021-07-22T00:39:56","slug":"la-profesionalizacion-como-garantia-de-independencia-de-las-y-los-operadores-de-justicia","status":"publish","type":"post","link":"https:\/\/cejume.mx\/index.php\/2021\/07\/21\/la-profesionalizacion-como-garantia-de-independencia-de-las-y-los-operadores-de-justicia\/","title":{"rendered":"La profesionalizaci\u00f3n como garant\u00eda de independencia de las y los operadores de justicia"},"content":{"rendered":"\t\t<div data-elementor-type=\"wp-post\" data-elementor-id=\"32006\" class=\"elementor elementor-32006\" data-elementor-post-type=\"post\">\n\t\t\t\t\t\t<div class=\"elementor-inner\">\n\t\t\t\t<div class=\"elementor-section-wrap\">\n\t\t\t\t\t\t\t\t\t<section class=\"elementor-section elementor-top-section elementor-element elementor-element-d96565e elementor-section-boxed elementor-section-height-default elementor-section-height-default neuron-fixed-no\" data-id=\"d96565e\" data-element_type=\"section\" data-settings=\"{&quot;background_background&quot;:&quot;classic&quot;}\">\n\t\t\t\t\t\t\t<div class=\"elementor-background-overlay\"><\/div>\n\t\t\t\t\t\t\t<div class=\"elementor-container elementor-column-gap-default\">\n\t\t\t\t\t\t\t<div class=\"elementor-row\">\n\t\t\t\t\t<div class=\"elementor-column elementor-col-100 elementor-top-column elementor-element elementor-element-493f6a7\" data-id=\"493f6a7\" data-element_type=\"column\">\n\t\t\t<div class=\"elementor-column-wrap elementor-element-populated\">\n\t\t\t\t\t\t\t<div class=\"elementor-widget-wrap\">\n\t\t\t\t\t\t<div class=\"elementor-element elementor-element-ce777a0 elementor-widget elementor-widget-spacer\" data-id=\"ce777a0\" data-element_type=\"widget\" data-widget_type=\"spacer.default\">\n\t\t\t\t<div class=\"elementor-widget-container\">\n\t\t\t\t\t<div class=\"elementor-spacer\">\n\t\t\t<div class=\"elementor-spacer-inner\"><\/div>\n\t\t<\/div>\n\t\t\t\t<\/div>\n\t\t\t\t<\/div>\n\t\t\t\t<section class=\"elementor-section elementor-inner-section elementor-element elementor-element-e0959ce elementor-section-boxed elementor-section-height-default elementor-section-height-default neuron-fixed-no\" data-id=\"e0959ce\" data-element_type=\"section\">\n\t\t\t\t\t\t<div class=\"elementor-container elementor-column-gap-default\">\n\t\t\t\t\t\t\t<div class=\"elementor-row\">\n\t\t\t\t\t<div class=\"elementor-column elementor-col-33 elementor-inner-column elementor-element elementor-element-d9bfac7\" data-id=\"d9bfac7\" data-element_type=\"column\">\n\t\t\t<div class=\"elementor-column-wrap elementor-element-populated\">\n\t\t\t\t\t\t\t<div class=\"elementor-widget-wrap\">\n\t\t\t\t\t\t<div class=\"elementor-element elementor-element-934f88d elementor-widget elementor-widget-image\" data-id=\"934f88d\" data-element_type=\"widget\" data-widget_type=\"image.default\">\n\t\t\t\t<div class=\"elementor-widget-container\">\n\t\t\t\t\t\t\t\t<div class=\"elementor-image\">\n\t\t\t\t\t\t\t\t\t\t\t\t<img decoding=\"async\" width=\"1020\" height=\"312\" src=\"https:\/\/cejume.mx\/wp\/wp-content\/uploads\/2020\/12\/RRL.png\" class=\"attachment-large size-large wp-image-30990\" alt=\"\" srcset=\"https:\/\/cejume.mx\/wp\/wp-content\/uploads\/2020\/12\/RRL.png 1020w, https:\/\/cejume.mx\/wp\/wp-content\/uploads\/2020\/12\/RRL-300x92.png 300w, https:\/\/cejume.mx\/wp\/wp-content\/uploads\/2020\/12\/RRL-768x235.png 768w, https:\/\/cejume.mx\/wp\/wp-content\/uploads\/2020\/12\/RRL-600x184.png 600w\" sizes=\"(max-width: 1020px) 100vw, 1020px\" \/>\t\t\t\t\t\t\t\t\t\t\t\t\t\t<\/div>\n\t\t\t\t\t\t<\/div>\n\t\t\t\t<\/div>\n\t\t\t\t\t\t<\/div>\n\t\t\t\t\t<\/div>\n\t\t<\/div>\n\t\t\t\t<div class=\"elementor-column elementor-col-33 elementor-inner-column elementor-element elementor-element-48f7700\" data-id=\"48f7700\" data-element_type=\"column\">\n\t\t\t<div class=\"elementor-column-wrap\">\n\t\t\t\t\t\t\t<div class=\"elementor-widget-wrap\">\n\t\t\t\t\t\t\t\t<\/div>\n\t\t\t\t\t<\/div>\n\t\t<\/div>\n\t\t\t\t<div class=\"elementor-column elementor-col-33 elementor-inner-column elementor-element elementor-element-c8348d5\" data-id=\"c8348d5\" data-element_type=\"column\">\n\t\t\t<div class=\"elementor-column-wrap elementor-element-populated\">\n\t\t\t\t\t\t\t<div class=\"elementor-widget-wrap\">\n\t\t\t\t\t\t<div class=\"elementor-element elementor-element-7424c21 elementor-widget elementor-widget-heading\" data-id=\"7424c21\" data-element_type=\"widget\" data-widget_type=\"heading.default\">\n\t\t\t\t<div class=\"elementor-widget-container\">\n\t\t\t<h2 class=\"elementor-heading-title elementor-size-default\"><span style=\"font-size: 44px;\">La profesionalizaci\u00f3n como garant\u00eda de independencia de las y los operadores de justicia<\/span><\/h2>\t\t<\/div>\n\t\t\t\t<\/div>\n\t\t\t\t\t\t<\/div>\n\t\t\t\t\t<\/div>\n\t\t<\/div>\n\t\t\t\t\t\t\t\t<\/div>\n\t\t\t\t\t<\/div>\n\t\t<\/section>\n\t\t\t\t<div class=\"elementor-element elementor-element-a4fb6a2 elementor-widget elementor-widget-spacer\" data-id=\"a4fb6a2\" data-element_type=\"widget\" data-widget_type=\"spacer.default\">\n\t\t\t\t<div class=\"elementor-widget-container\">\n\t\t\t\t\t<div class=\"elementor-spacer\">\n\t\t\t<div class=\"elementor-spacer-inner\"><\/div>\n\t\t<\/div>\n\t\t\t\t<\/div>\n\t\t\t\t<\/div>\n\t\t\t\t<div class=\"elementor-element elementor-element-5069bd7 elementor-widget elementor-widget-spacer\" data-id=\"5069bd7\" data-element_type=\"widget\" data-widget_type=\"spacer.default\">\n\t\t\t\t<div class=\"elementor-widget-container\">\n\t\t\t\t\t<div class=\"elementor-spacer\">\n\t\t\t<div class=\"elementor-spacer-inner\"><\/div>\n\t\t<\/div>\n\t\t\t\t<\/div>\n\t\t\t\t<\/div>\n\t\t\t\t\t\t<\/div>\n\t\t\t\t\t<\/div>\n\t\t<\/div>\n\t\t\t\t\t\t\t\t<\/div>\n\t\t\t\t\t<\/div>\n\t\t<\/section>\n\t\t\t\t<section class=\"elementor-section elementor-top-section elementor-element elementor-element-6359d55 elementor-section-boxed elementor-section-height-default elementor-section-height-default neuron-fixed-no\" data-id=\"6359d55\" data-element_type=\"section\">\n\t\t\t\t\t\t<div class=\"elementor-container elementor-column-gap-default\">\n\t\t\t\t\t\t\t<div class=\"elementor-row\">\n\t\t\t\t\t<div class=\"elementor-column elementor-col-50 elementor-top-column elementor-element elementor-element-1954c06\" data-id=\"1954c06\" data-element_type=\"column\">\n\t\t\t<div class=\"elementor-column-wrap elementor-element-populated\">\n\t\t\t\t\t\t\t<div class=\"elementor-widget-wrap\">\n\t\t\t\t\t\t<div class=\"elementor-element elementor-element-f1292a2 elementor-widget elementor-widget-spacer\" data-id=\"f1292a2\" data-element_type=\"widget\" data-widget_type=\"spacer.default\">\n\t\t\t\t<div class=\"elementor-widget-container\">\n\t\t\t\t\t<div class=\"elementor-spacer\">\n\t\t\t<div class=\"elementor-spacer-inner\"><\/div>\n\t\t<\/div>\n\t\t\t\t<\/div>\n\t\t\t\t<\/div>\n\t\t\t\t<div class=\"elementor-element elementor-element-6170f42 elementor-widget elementor-widget-text-editor\" data-id=\"6170f42\" data-element_type=\"widget\" data-widget_type=\"text-editor.default\">\n\t\t\t\t<div class=\"elementor-widget-container\">\n\t\t\t\t\t\t\t\t<div class=\"elementor-text-editor elementor-clearfix\">\n\t\t\t\t<p><\/p>\n<p><font face=\"Montserrat, Helvetica, Arial, sans-serif\"><b>Ana Paulina Ortega<\/b><\/font><\/p>\n<p><span style=\"font-family: Montserrat, Helvetica, Arial, sans-serif; font-weight: 700;\">Integrante de la Red de Representantes Locales de CEEAD<\/span><\/p>\n<p><span style=\"font-family: Montserrat, Helvetica, Arial, sans-serif; font-weight: 700;\">Representante en Yucat\u00e1n<\/span><\/p>\t\t\t\t\t<\/div>\n\t\t\t\t\t\t<\/div>\n\t\t\t\t<\/div>\n\t\t\t\t<div class=\"elementor-element elementor-element-a15f236 elementor-widget elementor-widget-text-editor\" data-id=\"a15f236\" data-element_type=\"widget\" data-widget_type=\"text-editor.default\">\n\t\t\t\t<div class=\"elementor-widget-container\">\n\t\t\t\t\t\t\t\t<div class=\"elementor-text-editor elementor-clearfix\">\n\t\t\t\t<p><\/p>\n<p>Es indiscutible el rol fundamental que desempe\u00f1an las y los operadores de justicia en preservar el Estado de Derecho, tanto jueces y juezas a quienes de manera primordial les compete la funci\u00f3n jurisdiccional, como  los fiscales y defensoras y defensores p\u00fablicos, est\u00e1n vinculados a los procesos en los cuales el Estado realiza funciones dirigidas a garantizar el acceso a la justicia en una sociedad democr\u00e1tica.<\/p>\n<p><br>Al ser las y los operadores de justicia los principales actores para, en el ejercicio de sus atribuciones, asegurar el acceso a la justicia a trav\u00e9s del debido proceso y el derecho a la protecci\u00f3n judicial, los organismos internacionales como la ONU por medio de sus relator\u00edas y la OEA a trav\u00e9s de los informes de la Comisi\u00f3n Interamericana de Derechos Humanos e incluso los tribunales internacionales como la Corte Interamericana, han emitido una serie de principios y recomendaciones para el debido funcionamiento de jueces, juezas, fiscales, defensoras y defensores p\u00fablicos.<\/p>\n<p><br>Una de las garant\u00edas de mayor relevancia a las que han hecho referencia tanto los organismos del sistema universal como el interamericano, es la \u201cgarant\u00eda de independencia\u201d. El Informe para la Independencia de las y los operadores de justicia publicado por la Comisi\u00f3n Interamericana de Derechos Humanos en 2013 es un documento de referencia indiscutible para conocer los par\u00e1metros y recomendaciones emitidas por dichos organismos en materia de independencia judicial.<\/p>\n<p><br>Cuando los organismos hablan de independencia precisan que existen dos dimensiones de la misma, la primera, la independencia institucional o de sistema y, la segunda, la independencia funcional o del ejercicio individual de las y los operadores de justicia.<\/p>\n<p><br>En cuanto a la dimensi\u00f3n institucional, hace referencia al grado de independencia que debe guardar la instituci\u00f3n respecto de otros poderes p\u00fablicos como sistema, de tal manera que existan garant\u00edas suficientes que permitan que la instituci\u00f3n o entidad de justicia no sea sometida a abusos o restricciones indebidas por parte de otros poderes o instituciones del Estado. Mientras que cuando hablamos de la dimensi\u00f3n funcional se exige analizar si las y los operadores cuentan con garant\u00edas de independencia para ejercer de manera libre sus labores dentro de las entidades de justicia en el conocimiento de los casos que, atendiendo a su rol espec\u00edfico, les corresponde decidir, patrocinar o defender.<\/p>\n<p><br>Respecto a la dimensi\u00f3n institucional, la Corte Interamericana de Derechos Humanos ha dicho que un proceso adecuado de nombramiento y selecci\u00f3n constituye un presupuesto esencial para garantizar la independencia de las y los operadores de justicia. Uno de los criterios m\u00ednimos para que los procedimientos para el nombramiento de las y los operadores de justicia seleccionados consiste en que dichos procesos de selecci\u00f3n se realicen con base en el m\u00e9rito y las capacidades.<br><\/p>\t\t\t\t\t<\/div>\n\t\t\t\t\t\t<\/div>\n\t\t\t\t<\/div>\n\t\t\t\t<div class=\"elementor-element elementor-element-dfd7f31 elementor-widget elementor-widget-text-editor\" data-id=\"dfd7f31\" data-element_type=\"widget\" data-widget_type=\"text-editor.default\">\n\t\t\t\t<div class=\"elementor-widget-container\">\n\t\t\t\t\t\t\t\t<div class=\"elementor-text-editor elementor-clearfix\">\n\t\t\t\t\t\t\t\t\t<\/div>\n\t\t\t\t\t\t<\/div>\n\t\t\t\t<\/div>\n\t\t\t\t\t\t<\/div>\n\t\t\t\t\t<\/div>\n\t\t<\/div>\n\t\t\t\t<div class=\"elementor-column elementor-col-50 elementor-top-column elementor-element elementor-element-dc1a7cf\" data-id=\"dc1a7cf\" data-element_type=\"column\">\n\t\t\t<div class=\"elementor-column-wrap elementor-element-populated\">\n\t\t\t\t\t\t\t<div class=\"elementor-widget-wrap\">\n\t\t\t\t\t\t<div class=\"elementor-element elementor-element-bf521dc elementor-widget elementor-widget-spacer\" data-id=\"bf521dc\" data-element_type=\"widget\" data-widget_type=\"spacer.default\">\n\t\t\t\t<div class=\"elementor-widget-container\">\n\t\t\t\t\t<div class=\"elementor-spacer\">\n\t\t\t<div class=\"elementor-spacer-inner\"><\/div>\n\t\t<\/div>\n\t\t\t\t<\/div>\n\t\t\t\t<\/div>\n\t\t\t\t<div class=\"elementor-element elementor-element-81f0336 elementor-widget elementor-widget-text-editor\" data-id=\"81f0336\" data-element_type=\"widget\" data-widget_type=\"text-editor.default\">\n\t\t\t\t<div class=\"elementor-widget-container\">\n\t\t\t\t\t\t\t\t<div class=\"elementor-text-editor elementor-clearfix\">\n\t\t\t\t<p><\/p>\n<ul style=\"box-sizing: border-box; vertical-align: baseline; font-family: inherit; font-weight: inherit; font-style: inherit; font-size: 15px; outline: 0px; padding: 0px 0px 0px 1.5rem; margin: 0px 0px 1.5rem; border: 0px; list-style: disc;\">\n<p>La Comisi\u00f3n Interamericana ha considerado en cuanto al m\u00e9rito personal que se debe elegir personas que sean \u00edntegras, id\u00f3neas, que cuenten con la formaci\u00f3n o calificaciones jur\u00eddicas apropiadas. Asimismo, en cuanto a la capacidad profesional, ha insistido en que cada uno de los aspectos a valorar debe hacerse con base en criterios objetivos.<\/p><p><br><\/p><p>En cuanto a la independencia funcional, una de las condiciones que permiten a las y los operadores de justicia practicar sus labores de manera independiente es que cuenten con una capacitaci\u00f3n adecuada.<\/p>\n<p><br><\/p>\n<p>Las Naciones Unidas ha dicho que la mayor capacitaci\u00f3n y formaci\u00f3n profesional hace menos influenciables a las y los operadores de justicia a presiones o injerencias y garantiza, adem\u00e1s, que sus decisiones respondan efectiva y correctamente a los requerimientos del derecho.<\/p>\n<p><br>Llama particular atenci\u00f3n que en el Informe de la Relatora Especial sobre la independencia de los magistrados y abogados, Misi\u00f3n M\u00e9xico, la Relatora calific\u00f3 de urgente fortalecer la capacidad t\u00e9cnica e investigativa de la Polic\u00eda y de las Procuradur\u00edas, as\u00ed como profesionalizar y capacitar a su personal.<\/p>\n<p><br>En este aspecto, a la Comisi\u00f3n le ha preocupado recibir informaci\u00f3n de algunos Estados de Am\u00e9rica Latina en la que se se\u00f1ala como un obst\u00e1culo al ejercicio independiente y adecuado de las funciones de las y los operadores de justicia su escasa preparaci\u00f3n o formaci\u00f3n acad\u00e9mica, lo que incide en su mayor vulnerabilidad respecto de presiones externas y que muchas veces esta no es accesible a las mujeres por razones de horario por ejemplo.En consecuencia, la Comisi\u00f3n recomend\u00f3 a los Estados adoptar medidas para garantizar una capacitaci\u00f3n permanente que sea accesible a las y los operadores de justicia.<\/p>\n<p><br>Como vemos, un elemento esencial para garantizar que las y los operadores de justicia se desempe\u00f1en con independencia es la profesionalizaci\u00f3n, no solo al momento de seleccionarnos o en los procesos de designaci\u00f3n y ascensos sino tambi\u00e9n la capacitaci\u00f3n permanente que debe ser accesible a todas y todos los operadores.<\/p>\n<p><br>Contar con herramientas como los cursos de preparaciones, ex\u00e1menes y certificaci\u00f3n de fiscales, defensoras y defensores que ofrece el programa CEEAD junto con CEJUME Y CENEVAL, tales como el EXMIDA, es una garant\u00eda para las instituciones de estar cumpliendo con las recomendaciones internacionales en materia de independencia.<\/p>\n<\/ul>\t\t\t\t\t<\/div>\n\t\t\t\t\t\t<\/div>\n\t\t\t\t<\/div>\n\t\t\t\t\t\t<\/div>\n\t\t\t\t\t<\/div>\n\t\t<\/div>\n\t\t\t\t\t\t\t\t<\/div>\n\t\t\t\t\t<\/div>\n\t\t<\/section>\n\t\t\t\t<section class=\"elementor-section elementor-top-section elementor-element elementor-element-e168188 elementor-section-boxed elementor-section-height-default elementor-section-height-default neuron-fixed-no\" data-id=\"e168188\" data-element_type=\"section\">\n\t\t\t\t\t\t<div class=\"elementor-container elementor-column-gap-default\">\n\t\t\t\t\t\t\t<div class=\"elementor-row\">\n\t\t\t\t\t<div class=\"elementor-column elementor-col-100 elementor-top-column elementor-element elementor-element-c5952cc\" data-id=\"c5952cc\" data-element_type=\"column\">\n\t\t\t<div class=\"elementor-column-wrap\">\n\t\t\t\t\t\t\t<div class=\"elementor-widget-wrap\">\n\t\t\t\t\t\t\t\t<\/div>\n\t\t\t\t\t<\/div>\n\t\t<\/div>\n\t\t\t\t\t\t\t\t<\/div>\n\t\t\t\t\t<\/div>\n\t\t<\/section>\n\t\t\t\t\t\t\t\t\t<\/div>\n\t\t\t<\/div>\n\t\t\t\t\t<\/div>\n\t\t","protected":false},"excerpt":{"rendered":"<p>A continuaci\u00f3n, te compartimos algunos datos interesantes sobre la tercera generaci\u00f3n del Programa Semilla, que pronto terminar\u00e1 sus actividades.<\/p>\n","protected":false},"author":3,"featured_media":31014,"comment_status":"closed","ping_status":"closed","sticky":false,"template":"elementor_header_footer","format":"standard","meta":[],"categories":[45],"tags":[69,68],"acf":[],"_links":{"self":[{"href":"https:\/\/cejume.mx\/index.php\/wp-json\/wp\/v2\/posts\/32006"}],"collection":[{"href":"https:\/\/cejume.mx\/index.php\/wp-json\/wp\/v2\/posts"}],"about":[{"href":"https:\/\/cejume.mx\/index.php\/wp-json\/wp\/v2\/types\/post"}],"author":[{"embeddable":true,"href":"https:\/\/cejume.mx\/index.php\/wp-json\/wp\/v2\/users\/3"}],"replies":[{"embeddable":true,"href":"https:\/\/cejume.mx\/index.php\/wp-json\/wp\/v2\/comments?post=32006"}],"version-history":[{"count":4,"href":"https:\/\/cejume.mx\/index.php\/wp-json\/wp\/v2\/posts\/32006\/revisions"}],"predecessor-version":[{"id":34562,"href":"https:\/\/cejume.mx\/index.php\/wp-json\/wp\/v2\/posts\/32006\/revisions\/34562"}],"wp:featuredmedia":[{"embeddable":true,"href":"https:\/\/cejume.mx\/index.php\/wp-json\/wp\/v2\/media\/31014"}],"wp:attachment":[{"href":"https:\/\/cejume.mx\/index.php\/wp-json\/wp\/v2\/media?parent=32006"}],"wp:term":[{"taxonomy":"category","embeddable":true,"href":"https:\/\/cejume.mx\/index.php\/wp-json\/wp\/v2\/categories?post=32006"},{"taxonomy":"post_tag","embeddable":true,"href":"https:\/\/cejume.mx\/index.php\/wp-json\/wp\/v2\/tags?post=32006"}],"curies":[{"name":"wp","href":"https:\/\/api.w.org\/{rel}","templated":true}]}}