{"id":47314,"date":"2021-11-19T11:00:21","date_gmt":"2021-11-19T17:00:21","guid":{"rendered":"http:\/\/34.70.206.201\/cejume\/wp\/?p=47314"},"modified":"2022-03-09T12:19:08","modified_gmt":"2022-03-09T18:19:08","slug":"segunda-generacion-de-agentes-del-ministerio-publico-certificados-en-sonora","status":"publish","type":"post","link":"https:\/\/cejume.mx\/index.php\/2021\/11\/19\/segunda-generacion-de-agentes-del-ministerio-publico-certificados-en-sonora\/","title":{"rendered":"2da generaci\u00f3n de AMPs certificados en Sonora"},"content":{"rendered":"\t\t<div data-elementor-type=\"wp-post\" data-elementor-id=\"47314\" class=\"elementor elementor-47314\" data-elementor-post-type=\"post\">\n\t\t\t\t\t\t<div class=\"elementor-inner\">\n\t\t\t\t<div class=\"elementor-section-wrap\">\n\t\t\t\t\t\t\t\t\t<section class=\"elementor-section elementor-top-section elementor-element elementor-element-85c6198 elementor-section-boxed elementor-section-height-default elementor-section-height-default neuron-fixed-no\" data-id=\"85c6198\" data-element_type=\"section\">\n\t\t\t\t\t\t<div class=\"elementor-container elementor-column-gap-default\">\n\t\t\t\t\t\t\t<div class=\"elementor-row\">\n\t\t\t\t\t<div class=\"elementor-column elementor-col-100 elementor-top-column elementor-element elementor-element-d27a2fe\" data-id=\"d27a2fe\" data-element_type=\"column\">\n\t\t\t<div class=\"elementor-column-wrap elementor-element-populated\">\n\t\t\t\t\t\t\t<div class=\"elementor-widget-wrap\">\n\t\t\t\t\t\t<div class=\"elementor-element elementor-element-c9c25c7 elementor-widget elementor-widget-spacer\" data-id=\"c9c25c7\" data-element_type=\"widget\" data-widget_type=\"spacer.default\">\n\t\t\t\t<div class=\"elementor-widget-container\">\n\t\t\t\t\t<div class=\"elementor-spacer\">\n\t\t\t<div class=\"elementor-spacer-inner\"><\/div>\n\t\t<\/div>\n\t\t\t\t<\/div>\n\t\t\t\t<\/div>\n\t\t\t\t<div class=\"elementor-element elementor-element-db3bb87 elementor-widget elementor-widget-heading\" data-id=\"db3bb87\" data-element_type=\"widget\" data-widget_type=\"heading.default\">\n\t\t\t\t<div class=\"elementor-widget-container\">\n\t\t\t<h2 class=\"elementor-heading-title elementor-size-default\"><div style=\"box-sizing: inherit; font-family: Montserrat, Helvetica, Arial, sans-serif; font-weight: 600; font-style: normal; font-size: 5.25rem; margin-bottom: 1.33333rem; line-height: 1; white-space: normal;\"><span style=\"font-family: Montserrat, Helvetica, Arial, sans-serif; font-size: 36.6667px; font-weight: 700; white-space: pre-wrap;\">Segunda generaci\u00f3n de de agentes del Ministerio P\u00fablico certificados en Sonora<\/span><span style=\"font-family: Montserrat, Helvetica, Arial, sans-serif; font-size: 3.66667rem; font-weight: 700; white-space: pre-wrap;\"><\/span><br><\/div><\/h2>\t\t<\/div>\n\t\t\t\t<\/div>\n\t\t\t\t<div class=\"elementor-element elementor-element-9c6e8cf elementor-widget elementor-widget-image\" data-id=\"9c6e8cf\" data-element_type=\"widget\" data-widget_type=\"image.default\">\n\t\t\t\t<div class=\"elementor-widget-container\">\n\t\t\t\t\t\t\t\t<div class=\"elementor-image\">\n\t\t\t\t\t\t\t\t\t\t\t\t<img decoding=\"async\" width=\"1024\" height=\"576\" src=\"https:\/\/cejume.mx\/wp\/wp-content\/uploads\/2021\/11\/WhatsApp-Image-2021-11-17-at-1.05.32-PM-1024x576.jpeg\" class=\"attachment-large size-large wp-image-47315\" alt=\"\" srcset=\"https:\/\/cejume.mx\/wp\/wp-content\/uploads\/2021\/11\/WhatsApp-Image-2021-11-17-at-1.05.32-PM-1024x576.jpeg 1024w, https:\/\/cejume.mx\/wp\/wp-content\/uploads\/2021\/11\/WhatsApp-Image-2021-11-17-at-1.05.32-PM-300x169.jpeg 300w, https:\/\/cejume.mx\/wp\/wp-content\/uploads\/2021\/11\/WhatsApp-Image-2021-11-17-at-1.05.32-PM-768x432.jpeg 768w, https:\/\/cejume.mx\/wp\/wp-content\/uploads\/2021\/11\/WhatsApp-Image-2021-11-17-at-1.05.32-PM-1536x864.jpeg 1536w, https:\/\/cejume.mx\/wp\/wp-content\/uploads\/2021\/11\/WhatsApp-Image-2021-11-17-at-1.05.32-PM-600x338.jpeg 600w, https:\/\/cejume.mx\/wp\/wp-content\/uploads\/2021\/11\/WhatsApp-Image-2021-11-17-at-1.05.32-PM.jpeg 1600w\" sizes=\"(max-width: 1024px) 100vw, 1024px\" \/>\t\t\t\t\t\t\t\t\t\t\t\t\t\t<\/div>\n\t\t\t\t\t\t<\/div>\n\t\t\t\t<\/div>\n\t\t\t\t\t\t<\/div>\n\t\t\t\t\t<\/div>\n\t\t<\/div>\n\t\t\t\t\t\t\t\t<\/div>\n\t\t\t\t\t<\/div>\n\t\t<\/section>\n\t\t\t\t<section class=\"elementor-section elementor-top-section elementor-element elementor-element-e178fc2 elementor-section-boxed elementor-section-height-default elementor-section-height-default neuron-fixed-no\" data-id=\"e178fc2\" data-element_type=\"section\">\n\t\t\t\t\t\t<div class=\"elementor-container elementor-column-gap-default\">\n\t\t\t\t\t\t\t<div class=\"elementor-row\">\n\t\t\t\t\t<div class=\"elementor-column elementor-col-100 elementor-top-column elementor-element elementor-element-3a0751d5\" data-id=\"3a0751d5\" data-element_type=\"column\">\n\t\t\t<div class=\"elementor-column-wrap elementor-element-populated\">\n\t\t\t\t\t\t\t<div class=\"elementor-widget-wrap\">\n\t\t\t\t\t\t<div class=\"elementor-element elementor-element-37168781 elementor-widget elementor-widget-text-editor\" data-id=\"37168781\" data-element_type=\"widget\" data-widget_type=\"text-editor.default\">\n\t\t\t\t<div class=\"elementor-widget-container\">\n\t\t\t\t\t\t\t\t<div class=\"elementor-text-editor elementor-clearfix\">\n\t\t\t\t<p dir=\"ltr\" style=\"line-height: 1.7999999999999998; text-align: justify; margin-top: 0pt; margin-bottom: 15pt;\"><span style=\"font-size: 13.3333px; white-space: pre-wrap;\">El pasado mi\u00e9rcoles 17 de noviembre se realiz\u00f3 la entrega de reconocimientos a la segunda generaci\u00f3n de Agentes del Ministerio P\u00fablico de la Fiscal\u00eda General del Estado de Sonora, quienes completaron satisfactoriamente el proceso de certificaci\u00f3n por competencias y habilidades a trav\u00e9s del proyecto de Certificaci\u00f3n para la Justicia en M\u00e9xico (CEJUME).<\/span><br><\/p>\t\t\t\t\t<\/div>\n\t\t\t\t\t\t<\/div>\n\t\t\t\t<\/div>\n\t\t\t\t\t\t<\/div>\n\t\t\t\t\t<\/div>\n\t\t<\/div>\n\t\t\t\t\t\t\t\t<\/div>\n\t\t\t\t\t<\/div>\n\t\t<\/section>\n\t\t\t\t<section class=\"elementor-section elementor-top-section elementor-element elementor-element-3b24dbb elementor-section-boxed elementor-section-height-default elementor-section-height-default neuron-fixed-no\" data-id=\"3b24dbb\" data-element_type=\"section\">\n\t\t\t\t\t\t<div class=\"elementor-container elementor-column-gap-default\">\n\t\t\t\t\t\t\t<div class=\"elementor-row\">\n\t\t\t\t\t<div class=\"elementor-column elementor-col-50 elementor-top-column elementor-element elementor-element-64ccb23\" data-id=\"64ccb23\" data-element_type=\"column\">\n\t\t\t<div class=\"elementor-column-wrap elementor-element-populated\">\n\t\t\t\t\t\t\t<div class=\"elementor-widget-wrap\">\n\t\t\t\t\t\t<div class=\"elementor-element elementor-element-1a6a639 elementor-widget elementor-widget-image\" data-id=\"1a6a639\" data-element_type=\"widget\" data-widget_type=\"image.default\">\n\t\t\t\t<div class=\"elementor-widget-container\">\n\t\t\t\t\t\t\t\t<div class=\"elementor-image\">\n\t\t\t\t\t\t\t\t\t\t\t\t<img decoding=\"async\" width=\"1024\" height=\"576\" src=\"https:\/\/cejume.mx\/wp\/wp-content\/uploads\/2021\/11\/WhatsApp-Image-2021-11-17-at-12.24.41-PM-1-1024x576.jpeg\" class=\"attachment-large size-large wp-image-47316\" alt=\"\" srcset=\"https:\/\/cejume.mx\/wp\/wp-content\/uploads\/2021\/11\/WhatsApp-Image-2021-11-17-at-12.24.41-PM-1-1024x576.jpeg 1024w, https:\/\/cejume.mx\/wp\/wp-content\/uploads\/2021\/11\/WhatsApp-Image-2021-11-17-at-12.24.41-PM-1-300x169.jpeg 300w, https:\/\/cejume.mx\/wp\/wp-content\/uploads\/2021\/11\/WhatsApp-Image-2021-11-17-at-12.24.41-PM-1-768x432.jpeg 768w, https:\/\/cejume.mx\/wp\/wp-content\/uploads\/2021\/11\/WhatsApp-Image-2021-11-17-at-12.24.41-PM-1-1536x864.jpeg 1536w, https:\/\/cejume.mx\/wp\/wp-content\/uploads\/2021\/11\/WhatsApp-Image-2021-11-17-at-12.24.41-PM-1-600x338.jpeg 600w, https:\/\/cejume.mx\/wp\/wp-content\/uploads\/2021\/11\/WhatsApp-Image-2021-11-17-at-12.24.41-PM-1.jpeg 1600w\" sizes=\"(max-width: 1024px) 100vw, 1024px\" \/>\t\t\t\t\t\t\t\t\t\t\t\t\t\t<\/div>\n\t\t\t\t\t\t<\/div>\n\t\t\t\t<\/div>\n\t\t\t\t\t\t<\/div>\n\t\t\t\t\t<\/div>\n\t\t<\/div>\n\t\t\t\t<div class=\"elementor-column elementor-col-50 elementor-top-column elementor-element elementor-element-47f2760\" data-id=\"47f2760\" data-element_type=\"column\">\n\t\t\t<div class=\"elementor-column-wrap elementor-element-populated\">\n\t\t\t\t\t\t\t<div class=\"elementor-widget-wrap\">\n\t\t\t\t\t\t<div class=\"elementor-element elementor-element-7d0bf62 elementor-widget elementor-widget-text-editor\" data-id=\"7d0bf62\" data-element_type=\"widget\" data-widget_type=\"text-editor.default\">\n\t\t\t\t<div class=\"elementor-widget-container\">\n\t\t\t\t\t\t\t\t<div class=\"elementor-text-editor elementor-clearfix\">\n\t\t\t\t<p dir=\"ltr\" style=\"line-height: 1.7999999999999998; text-align: justify; margin-top: 0pt; margin-bottom: 15pt;\"><font face=\"Arial\"><span style=\"font-size: 13.3333px; white-space: pre-wrap;\">Certificaci\u00f3n para la Justicia en M\u00e9xico, tambi\u00e9n conocido como CEJUME, es un proyecto dise\u00f1ado para fortalecer los procesos internos de profesionalizaci\u00f3n de las instituciones operadoras del Sistema de Justicia Penal, mediante un modelo de certificaci\u00f3n de competencias profesionales que contempla la evaluaci\u00f3n de conocimientos y habilidades.<\/span><\/font><\/p><p dir=\"ltr\" style=\"line-height: 1.7999999999999998; text-align: justify; margin-top: 0pt; margin-bottom: 15pt;\"><span style=\"font-size: 13.3333px; white-space: pre-wrap;\">La certificaci\u00f3n de agente de Ministerio P\u00fablico se concentra en evaluar las competencias necesarias para dirigir la investigaci\u00f3n y litigar ante el \u00f3rgano jurisdiccional. Existen dos tipos de certificaciones para Agente de Ministerio P\u00fablico:<\/span><\/p><p dir=\"ltr\" style=\"line-height: 1.7999999999999998; text-align: justify; margin-top: 0pt; margin-bottom: 15pt;\"><ul><li><span style=\"font-size: 13.3333px; white-space: pre-wrap;\">La Certificaci\u00f3n A que eval\u00faa las competencias en direcci\u00f3n de la investigaci\u00f3n y litigaci\u00f3n en audiencias preliminares<\/span><\/li><li><span style=\"font-size: 13.3333px; white-space: pre-wrap;\">La Certificaci\u00f3n B: que contempla la evaluaci\u00f3n de competencias en direcci\u00f3n de la investigaci\u00f3n y litigaci\u00f3n en juicio oral<\/span><\/li><\/ul><\/p>\n<p><font face=\"Arial\"><\/font><\/p>\t\t\t\t\t<\/div>\n\t\t\t\t\t\t<\/div>\n\t\t\t\t<\/div>\n\t\t\t\t\t\t<\/div>\n\t\t\t\t\t<\/div>\n\t\t<\/div>\n\t\t\t\t\t\t\t\t<\/div>\n\t\t\t\t\t<\/div>\n\t\t<\/section>\n\t\t\t\t<section class=\"elementor-section elementor-top-section elementor-element elementor-element-81ce538 elementor-section-boxed elementor-section-height-default elementor-section-height-default neuron-fixed-no\" data-id=\"81ce538\" data-element_type=\"section\">\n\t\t\t\t\t\t<div class=\"elementor-container elementor-column-gap-default\">\n\t\t\t\t\t\t\t<div class=\"elementor-row\">\n\t\t\t\t\t<div class=\"elementor-column elementor-col-50 elementor-top-column elementor-element elementor-element-0c7591b\" data-id=\"0c7591b\" data-element_type=\"column\">\n\t\t\t<div class=\"elementor-column-wrap elementor-element-populated\">\n\t\t\t\t\t\t\t<div class=\"elementor-widget-wrap\">\n\t\t\t\t\t\t<div class=\"elementor-element elementor-element-cac5359 elementor-widget elementor-widget-text-editor\" data-id=\"cac5359\" data-element_type=\"widget\" data-widget_type=\"text-editor.default\">\n\t\t\t\t<div class=\"elementor-widget-container\">\n\t\t\t\t\t\t\t\t<div class=\"elementor-text-editor elementor-clearfix\">\n\t\t\t\t<p dir=\"ltr\" style=\"line-height: 1.7999999999999998; text-align: justify; margin-top: 0pt; margin-bottom: 15pt;\">\n<\/p><p style=\"text-align: justify;\"><span style=\"font-size: 13.3333px; white-space: pre-wrap;\">Como parte del proyecto de certificaci\u00f3n para la justicia en M\u00e9xico, se entregaron 12 certificados a Agentes del Ministerio P\u00fablico (AMP) de la FGE de Sonora. Esta certificaci\u00f3n institucional en su conjunto tiene ya a 52 AMP, posicionando a la Instituci\u00f3n como el estado con mayor n\u00famero de personas certificadas en el pa\u00eds. Actualmente m\u00e1s de 200 personas han logrado completar su proceso de certificaci\u00f3n a nivel nacional tanto en audiencia iniciales como en juicio oral.<\/span><\/p>\n<p style=\"text-align: justify;\"><span style=\"font-size: 13.3333px; white-space: pre-wrap;\"><br><\/span><\/p>\n<p style=\"text-align: justify;\"><span style=\"font-size: 13.3333px; white-space: pre-wrap;\">Se cont\u00f3 con la presencia del Gobernador del Estado de Sonora Dr. Alfonso Durazo Monta\u00f1o, a quien le agradecemos el compromiso por mejorar las capacidades de las personas que operan el sistema de justicia. <\/span><span style=\"font-family: Roboto, Helvetica, Arial, sans-serif; font-size: 13.3333px; font-style: normal; font-weight: 400; white-space: pre-wrap;\">Por parte de la Fiscal\u00eda General del Estado de Sonora, asisti\u00f3 <\/span><span style=\"font-size: 13.3333px; white-space: pre-wrap;\">la  Mtra. Claudia Indira Contreras C\u00f3rdova; el C\u00f3nsul General de los E.U. en Hermosillo Mr. Ken Roy, as\u00ed como la <\/span><span style=\"font-family: Roboto, Helvetica, Arial, sans-serif; font-size: 13.3333px; font-style: normal; font-weight: 400; white-space: pre-wrap;\">Secretaria de Seguridad P\u00fablica, Mar\u00eda Dolores del R\u00edo.<\/span><\/p>\n<p style=\"text-align: justify;\"><font style=\"\"><span style=\"font-size: 13.3333px; white-space: pre-wrap;\"><br><\/span><\/font><\/p>\n<p style=\"text-align: justify;\"><font style=\"\"><span style=\"font-size: 13.3333px; white-space: pre-wrap;\">Por parte del Centro de Estudios sobre la Ense\u00f1anza y el aprendizaje del Derecho A.C., se cont\u00f3 con la presencia de Lila Zaire Flores Fern\u00e1ndez, Coordinadora General de Certificaci\u00f3n y Profesionalizaci\u00f3n del CEEAD; y Mar\u00eda Paula Oma\u00f1a, Enlace y Vinculaci\u00f3n Institucional del CEEAD. <\/span><\/font><\/p>\n<p><font face=\"Arial\"><\/font><\/p>\t\t\t\t\t<\/div>\n\t\t\t\t\t\t<\/div>\n\t\t\t\t<\/div>\n\t\t\t\t\t\t<\/div>\n\t\t\t\t\t<\/div>\n\t\t<\/div>\n\t\t\t\t<div class=\"elementor-column elementor-col-50 elementor-top-column elementor-element elementor-element-dfc4925\" data-id=\"dfc4925\" data-element_type=\"column\">\n\t\t\t<div class=\"elementor-column-wrap elementor-element-populated\">\n\t\t\t\t\t\t\t<div class=\"elementor-widget-wrap\">\n\t\t\t\t\t\t<div class=\"elementor-element elementor-element-2e4d2a1 elementor-widget elementor-widget-image\" data-id=\"2e4d2a1\" data-element_type=\"widget\" data-widget_type=\"image.default\">\n\t\t\t\t<div class=\"elementor-widget-container\">\n\t\t\t\t\t\t\t\t<div class=\"elementor-image\">\n\t\t\t\t\t\t\t\t\t\t\t\t<img decoding=\"async\" width=\"1024\" height=\"576\" src=\"https:\/\/cejume.mx\/wp\/wp-content\/uploads\/2021\/11\/WhatsApp-Image-2021-11-17-at-12.24.39-PM-1-1024x576.jpeg\" class=\"attachment-large size-large wp-image-47320\" alt=\"\" srcset=\"https:\/\/cejume.mx\/wp\/wp-content\/uploads\/2021\/11\/WhatsApp-Image-2021-11-17-at-12.24.39-PM-1-1024x576.jpeg 1024w, https:\/\/cejume.mx\/wp\/wp-content\/uploads\/2021\/11\/WhatsApp-Image-2021-11-17-at-12.24.39-PM-1-300x169.jpeg 300w, https:\/\/cejume.mx\/wp\/wp-content\/uploads\/2021\/11\/WhatsApp-Image-2021-11-17-at-12.24.39-PM-1-768x432.jpeg 768w, https:\/\/cejume.mx\/wp\/wp-content\/uploads\/2021\/11\/WhatsApp-Image-2021-11-17-at-12.24.39-PM-1-1536x864.jpeg 1536w, https:\/\/cejume.mx\/wp\/wp-content\/uploads\/2021\/11\/WhatsApp-Image-2021-11-17-at-12.24.39-PM-1-600x338.jpeg 600w, https:\/\/cejume.mx\/wp\/wp-content\/uploads\/2021\/11\/WhatsApp-Image-2021-11-17-at-12.24.39-PM-1.jpeg 1600w\" sizes=\"(max-width: 1024px) 100vw, 1024px\" \/>\t\t\t\t\t\t\t\t\t\t\t\t\t\t<\/div>\n\t\t\t\t\t\t<\/div>\n\t\t\t\t<\/div>\n\t\t\t\t\t\t<\/div>\n\t\t\t\t\t<\/div>\n\t\t<\/div>\n\t\t\t\t\t\t\t\t<\/div>\n\t\t\t\t\t<\/div>\n\t\t<\/section>\n\t\t\t\t<section class=\"elementor-section elementor-top-section elementor-element elementor-element-228fab7 elementor-section-boxed elementor-section-height-default elementor-section-height-default neuron-fixed-no\" data-id=\"228fab7\" data-element_type=\"section\">\n\t\t\t\t\t\t<div class=\"elementor-container elementor-column-gap-default\">\n\t\t\t\t\t\t\t<div class=\"elementor-row\">\n\t\t\t\t\t<div class=\"elementor-column elementor-col-100 elementor-top-column elementor-element elementor-element-e2efcf3\" data-id=\"e2efcf3\" data-element_type=\"column\">\n\t\t\t<div class=\"elementor-column-wrap elementor-element-populated\">\n\t\t\t\t\t\t\t<div class=\"elementor-widget-wrap\">\n\t\t\t\t\t\t<div class=\"elementor-element elementor-element-21d6525 elementor-widget elementor-widget-spacer\" data-id=\"21d6525\" data-element_type=\"widget\" data-widget_type=\"spacer.default\">\n\t\t\t\t<div class=\"elementor-widget-container\">\n\t\t\t\t\t<div class=\"elementor-spacer\">\n\t\t\t<div class=\"elementor-spacer-inner\"><\/div>\n\t\t<\/div>\n\t\t\t\t<\/div>\n\t\t\t\t<\/div>\n\t\t\t\t<div class=\"elementor-element elementor-element-2c4478e elementor-widget elementor-widget-heading\" data-id=\"2c4478e\" data-element_type=\"widget\" data-widget_type=\"heading.default\">\n\t\t\t\t<div class=\"elementor-widget-container\">\n\t\t\t<h2 class=\"elementor-heading-title elementor-size-default\">Publicaciones relacionadas<\/h2>\t\t<\/div>\n\t\t\t\t<\/div>\n\t\t\t\t<div class=\"elementor-element elementor-element-8613f10 elementor-widget elementor-widget-neuron-posts\" data-id=\"8613f10\" data-element_type=\"widget\" data-widget_type=\"neuron-posts.default\">\n\t\t\t\t<div class=\"elementor-widget-container\">\n\t\t\t\t\t<div class=\"l-posts-wrapper l-filters-holder l-posts-wrapper--meta-inside h-overflow-hidden l-blog-wrapper\" data-posts=\"8613f10\">\n\t\t\t\t\t\t\t\t\t<div class=\"l-blog-wrapper__posts-holder l-blog-wrapper__posts-holder--meta-inside h-overflow-hidden\">\n\t\t\t\t<div class=\"owl-carousel owl-theme\" id=\"9032d754a3db989fb32f7708bed3d29e\" data-stage-padding=\"0\" data-animation=\"h-fadeInNeuron\" data-wow=\"no\">\n                    <div class=\"o-post o-blog-post wow h-fadeInNeuron item\" data-id=\"51607\" >\n            <div class=\"o-neuron-hover o-neuron-hover--meta-inside o-neuron-hover--translate\">\n    <div class=\"o-neuron-hover-holder\">\n        <div class=\"o-neuron-hover-holder__header\">\n            <a href=\"https:\/\/cejume.mx\/index.php\/2022\/08\/29\/empatia-debilidad-o-fortaleza-en-las-personas-operadoras\/\" class=\"o-neuron-hover-holder__header__media\">\n                                    <div class=\"h-calculated-image\" style=\"padding-bottom: 59.221311% !important;\">\n                        <img width=\"1952\" height=\"1156\" src=\"https:\/\/cejume.mx\/wp\/wp-content\/uploads\/2022\/08\/Captura-de-Pantalla-2022-08-29-a-las-12.35.45.png\" class=\"attachment-post-thumbnail size-post-thumbnail wp-post-image\" alt=\"\" decoding=\"async\" srcset=\"https:\/\/cejume.mx\/wp\/wp-content\/uploads\/2022\/08\/Captura-de-Pantalla-2022-08-29-a-las-12.35.45.png 1952w, https:\/\/cejume.mx\/wp\/wp-content\/uploads\/2022\/08\/Captura-de-Pantalla-2022-08-29-a-las-12.35.45-300x178.png 300w, https:\/\/cejume.mx\/wp\/wp-content\/uploads\/2022\/08\/Captura-de-Pantalla-2022-08-29-a-las-12.35.45-1024x606.png 1024w, https:\/\/cejume.mx\/wp\/wp-content\/uploads\/2022\/08\/Captura-de-Pantalla-2022-08-29-a-las-12.35.45-768x455.png 768w, https:\/\/cejume.mx\/wp\/wp-content\/uploads\/2022\/08\/Captura-de-Pantalla-2022-08-29-a-las-12.35.45-1536x910.png 1536w, https:\/\/cejume.mx\/wp\/wp-content\/uploads\/2022\/08\/Captura-de-Pantalla-2022-08-29-a-las-12.35.45-600x355.png 600w\" sizes=\"(max-width: 1952px) 100vw, 1952px\" \/>                    <\/div>\n                            <\/a>\n                            <div class=\"o-neuron-hover-holder__header__overlay\"><\/div>\n                    <\/div>\n                    <div class=\"o-neuron-hover-holder__body d-flex align-items-center\">\n                <div class=\"o-neuron-hover-holder__body__inner\">\n                    <div class=\"o-neuron-hover-holder__body-meta\">\n                                                    <h5 class=\"o-neuron-hover-holder__body-meta__title o-neuron-post__title\">\n                                <a href=\"https:\/\/cejume.mx\/index.php\/2022\/08\/29\/empatia-debilidad-o-fortaleza-en-las-personas-operadoras\/\">Empat\u00eda \u00bfdebilidad o fortaleza en las personas operadoras?<\/a>\n                            <\/h5>\n                                                                            <div class=\"o-blog-post__meta o-neuron-post__meta\">\n                                <div class=\"o-blog-post__category a-separator o-neuron-post__meta-icon\">\n        <ul>\n                    <li><a class=\"o-neuron-post__meta\" href=\"https:\/\/cejume.mx\/index.php\/category\/blog-cejume\/\">3 Blog CEJUME<\/a><\/li>\n            <\/ul>\n<\/div>\n                            <\/div>\n                                            <\/div>\n                <\/div>\n                <a href=\"https:\/\/cejume.mx\/index.php\/2022\/08\/29\/empatia-debilidad-o-fortaleza-en-las-personas-operadoras\/\"><\/a>\n            <\/div>\n            <\/div>\n<\/div>        <\/div>\n                    <div class=\"o-post o-blog-post wow h-fadeInNeuron item\" data-id=\"51280\" >\n            <div class=\"o-neuron-hover o-neuron-hover--meta-inside o-neuron-hover--translate\">\n    <div class=\"o-neuron-hover-holder\">\n        <div class=\"o-neuron-hover-holder__header\">\n            <a href=\"https:\/\/cejume.mx\/index.php\/2022\/07\/11\/la-experiencia-de-una-revolucion-institucional-en-mi-pais\/\" class=\"o-neuron-hover-holder__header__media\">\n                                    <div class=\"h-calculated-image\" style=\"padding-bottom: 62.081129% !important;\">\n                        <img width=\"1134\" height=\"704\" src=\"https:\/\/cejume.mx\/wp\/wp-content\/uploads\/2022\/05\/Captura-de-Pantalla-2022-05-23-a-las-11.47.02.png\" class=\"attachment-post-thumbnail size-post-thumbnail wp-post-image\" alt=\"\" decoding=\"async\" srcset=\"https:\/\/cejume.mx\/wp\/wp-content\/uploads\/2022\/05\/Captura-de-Pantalla-2022-05-23-a-las-11.47.02.png 1134w, https:\/\/cejume.mx\/wp\/wp-content\/uploads\/2022\/05\/Captura-de-Pantalla-2022-05-23-a-las-11.47.02-300x186.png 300w, https:\/\/cejume.mx\/wp\/wp-content\/uploads\/2022\/05\/Captura-de-Pantalla-2022-05-23-a-las-11.47.02-1024x636.png 1024w, https:\/\/cejume.mx\/wp\/wp-content\/uploads\/2022\/05\/Captura-de-Pantalla-2022-05-23-a-las-11.47.02-768x477.png 768w, https:\/\/cejume.mx\/wp\/wp-content\/uploads\/2022\/05\/Captura-de-Pantalla-2022-05-23-a-las-11.47.02-600x372.png 600w\" sizes=\"(max-width: 1134px) 100vw, 1134px\" \/>                    <\/div>\n                            <\/a>\n                            <div class=\"o-neuron-hover-holder__header__overlay\"><\/div>\n                    <\/div>\n                    <div class=\"o-neuron-hover-holder__body d-flex align-items-center\">\n                <div class=\"o-neuron-hover-holder__body__inner\">\n                    <div class=\"o-neuron-hover-holder__body-meta\">\n                                                    <h5 class=\"o-neuron-hover-holder__body-meta__title o-neuron-post__title\">\n                                <a href=\"https:\/\/cejume.mx\/index.php\/2022\/07\/11\/la-experiencia-de-una-revolucion-institucional-en-mi-pais\/\">La experiencia de una revoluci\u00f3n institucional en mi pa\u00eds<\/a>\n                            <\/h5>\n                                                                            <div class=\"o-blog-post__meta o-neuron-post__meta\">\n                                <div class=\"o-blog-post__category a-separator o-neuron-post__meta-icon\">\n        <ul>\n                    <li><a class=\"o-neuron-post__meta\" href=\"https:\/\/cejume.mx\/index.php\/category\/blog-cejume\/\">3 Blog CEJUME<\/a><\/li>\n            <\/ul>\n<\/div>\n                            <\/div>\n                                            <\/div>\n                <\/div>\n                <a href=\"https:\/\/cejume.mx\/index.php\/2022\/07\/11\/la-experiencia-de-una-revolucion-institucional-en-mi-pais\/\"><\/a>\n            <\/div>\n            <\/div>\n<\/div>        <\/div>\n                    <div class=\"o-post o-blog-post wow h-fadeInNeuron item\" data-id=\"50943\" >\n            <div class=\"o-neuron-hover o-neuron-hover--meta-inside o-neuron-hover--translate\">\n    <div class=\"o-neuron-hover-holder\">\n        <div class=\"o-neuron-hover-holder__header\">\n            <a href=\"https:\/\/cejume.mx\/index.php\/2022\/06\/06\/la-implementacion-del-programa-para-las-practicas-profesionales-en-procuracion-de-justicia-en-las-fiscalias-estatales\/\" class=\"o-neuron-hover-holder__header__media\">\n                                    <div class=\"h-calculated-image\" style=\"padding-bottom: 62.081129% !important;\">\n                        <img width=\"1134\" height=\"704\" src=\"https:\/\/cejume.mx\/wp\/wp-content\/uploads\/2022\/05\/Captura-de-Pantalla-2022-05-23-a-las-11.47.02.png\" class=\"attachment-post-thumbnail size-post-thumbnail wp-post-image\" alt=\"\" decoding=\"async\" srcset=\"https:\/\/cejume.mx\/wp\/wp-content\/uploads\/2022\/05\/Captura-de-Pantalla-2022-05-23-a-las-11.47.02.png 1134w, https:\/\/cejume.mx\/wp\/wp-content\/uploads\/2022\/05\/Captura-de-Pantalla-2022-05-23-a-las-11.47.02-300x186.png 300w, https:\/\/cejume.mx\/wp\/wp-content\/uploads\/2022\/05\/Captura-de-Pantalla-2022-05-23-a-las-11.47.02-1024x636.png 1024w, https:\/\/cejume.mx\/wp\/wp-content\/uploads\/2022\/05\/Captura-de-Pantalla-2022-05-23-a-las-11.47.02-768x477.png 768w, https:\/\/cejume.mx\/wp\/wp-content\/uploads\/2022\/05\/Captura-de-Pantalla-2022-05-23-a-las-11.47.02-600x372.png 600w\" sizes=\"(max-width: 1134px) 100vw, 1134px\" \/>                    <\/div>\n                            <\/a>\n                            <div class=\"o-neuron-hover-holder__header__overlay\"><\/div>\n                    <\/div>\n                    <div class=\"o-neuron-hover-holder__body d-flex align-items-center\">\n                <div class=\"o-neuron-hover-holder__body__inner\">\n                    <div class=\"o-neuron-hover-holder__body-meta\">\n                                                    <h5 class=\"o-neuron-hover-holder__body-meta__title o-neuron-post__title\">\n                                <a href=\"https:\/\/cejume.mx\/index.php\/2022\/06\/06\/la-implementacion-del-programa-para-las-practicas-profesionales-en-procuracion-de-justicia-en-las-fiscalias-estatales\/\">La implementaci\u00f3n del programa para las pr\u00e1cticas profesionales en procuraci\u00f3n de justicia en las Fiscal\u00edas estatales<\/a>\n                            <\/h5>\n                                                                            <div class=\"o-blog-post__meta o-neuron-post__meta\">\n                                <div class=\"o-blog-post__category a-separator o-neuron-post__meta-icon\">\n        <ul>\n                    <li><a class=\"o-neuron-post__meta\" href=\"https:\/\/cejume.mx\/index.php\/category\/blog-cejume\/\">3 Blog CEJUME<\/a><\/li>\n            <\/ul>\n<\/div>\n                            <\/div>\n                                            <\/div>\n                <\/div>\n                <a href=\"https:\/\/cejume.mx\/index.php\/2022\/06\/06\/la-implementacion-del-programa-para-las-practicas-profesionales-en-procuracion-de-justicia-en-las-fiscalias-estatales\/\"><\/a>\n            <\/div>\n            <\/div>\n<\/div>        <\/div>\n                    <div class=\"o-post o-blog-post wow h-fadeInNeuron item\" data-id=\"50884\" >\n            <div class=\"o-neuron-hover o-neuron-hover--meta-inside o-neuron-hover--translate\">\n    <div class=\"o-neuron-hover-holder\">\n        <div class=\"o-neuron-hover-holder__header\">\n            <a href=\"https:\/\/cejume.mx\/index.php\/2022\/05\/20\/la-orfandad-probatoria-de-los-delitos-sexuales-y-feminicidio-en-mexico\/\" class=\"o-neuron-hover-holder__header__media\">\n                                    <div class=\"h-calculated-image\" style=\"padding-bottom: 62.081129% !important;\">\n                        <img width=\"1134\" height=\"704\" src=\"https:\/\/cejume.mx\/wp\/wp-content\/uploads\/2022\/05\/Captura-de-Pantalla-2022-05-23-a-las-11.47.02.png\" class=\"attachment-post-thumbnail size-post-thumbnail wp-post-image\" alt=\"\" decoding=\"async\" srcset=\"https:\/\/cejume.mx\/wp\/wp-content\/uploads\/2022\/05\/Captura-de-Pantalla-2022-05-23-a-las-11.47.02.png 1134w, https:\/\/cejume.mx\/wp\/wp-content\/uploads\/2022\/05\/Captura-de-Pantalla-2022-05-23-a-las-11.47.02-300x186.png 300w, https:\/\/cejume.mx\/wp\/wp-content\/uploads\/2022\/05\/Captura-de-Pantalla-2022-05-23-a-las-11.47.02-1024x636.png 1024w, https:\/\/cejume.mx\/wp\/wp-content\/uploads\/2022\/05\/Captura-de-Pantalla-2022-05-23-a-las-11.47.02-768x477.png 768w, https:\/\/cejume.mx\/wp\/wp-content\/uploads\/2022\/05\/Captura-de-Pantalla-2022-05-23-a-las-11.47.02-600x372.png 600w\" sizes=\"(max-width: 1134px) 100vw, 1134px\" \/>                    <\/div>\n                            <\/a>\n                            <div class=\"o-neuron-hover-holder__header__overlay\"><\/div>\n                    <\/div>\n                    <div class=\"o-neuron-hover-holder__body d-flex align-items-center\">\n                <div class=\"o-neuron-hover-holder__body__inner\">\n                    <div class=\"o-neuron-hover-holder__body-meta\">\n                                                    <h5 class=\"o-neuron-hover-holder__body-meta__title o-neuron-post__title\">\n                                <a href=\"https:\/\/cejume.mx\/index.php\/2022\/05\/20\/la-orfandad-probatoria-de-los-delitos-sexuales-y-feminicidio-en-mexico\/\">La orfandad probatoria de los delitos sexuales y feminicidio en M\u00e9xico<\/a>\n                            <\/h5>\n                                                                            <div class=\"o-blog-post__meta o-neuron-post__meta\">\n                                <div class=\"o-blog-post__category a-separator o-neuron-post__meta-icon\">\n        <ul>\n                    <li><a class=\"o-neuron-post__meta\" href=\"https:\/\/cejume.mx\/index.php\/category\/blog-cejume\/\">3 Blog CEJUME<\/a><\/li>\n            <\/ul>\n<\/div>\n                            <\/div>\n                                            <\/div>\n                <\/div>\n                <a href=\"https:\/\/cejume.mx\/index.php\/2022\/05\/20\/la-orfandad-probatoria-de-los-delitos-sexuales-y-feminicidio-en-mexico\/\"><\/a>\n            <\/div>\n            <\/div>\n<\/div>        <\/div>\n                    <div class=\"o-post o-blog-post wow h-fadeInNeuron item\" data-id=\"50865\" >\n            <div class=\"o-neuron-hover o-neuron-hover--meta-inside o-neuron-hover--translate\">\n    <div class=\"o-neuron-hover-holder\">\n        <div class=\"o-neuron-hover-holder__header\">\n            <a href=\"https:\/\/cejume.mx\/index.php\/2022\/05\/09\/justo-en-el-punto-el-podcast-de-cejume\/\" class=\"o-neuron-hover-holder__header__media\">\n                                    <div class=\"h-calculated-image\" style=\"padding-bottom: 56.900878% !important;\">\n                        <img width=\"1594\" height=\"907\" src=\"https:\/\/cejume.mx\/wp\/wp-content\/uploads\/2022\/05\/BLOG-Justo-en-el-punto-portada.png\" class=\"attachment-post-thumbnail size-post-thumbnail wp-post-image\" alt=\"\" decoding=\"async\" srcset=\"https:\/\/cejume.mx\/wp\/wp-content\/uploads\/2022\/05\/BLOG-Justo-en-el-punto-portada.png 1594w, https:\/\/cejume.mx\/wp\/wp-content\/uploads\/2022\/05\/BLOG-Justo-en-el-punto-portada-300x171.png 300w, https:\/\/cejume.mx\/wp\/wp-content\/uploads\/2022\/05\/BLOG-Justo-en-el-punto-portada-1024x583.png 1024w, https:\/\/cejume.mx\/wp\/wp-content\/uploads\/2022\/05\/BLOG-Justo-en-el-punto-portada-768x437.png 768w, https:\/\/cejume.mx\/wp\/wp-content\/uploads\/2022\/05\/BLOG-Justo-en-el-punto-portada-1536x874.png 1536w, https:\/\/cejume.mx\/wp\/wp-content\/uploads\/2022\/05\/BLOG-Justo-en-el-punto-portada-600x341.png 600w\" sizes=\"(max-width: 1594px) 100vw, 1594px\" \/>                    <\/div>\n                            <\/a>\n                            <div class=\"o-neuron-hover-holder__header__overlay\"><\/div>\n                    <\/div>\n                    <div class=\"o-neuron-hover-holder__body d-flex align-items-center\">\n                <div class=\"o-neuron-hover-holder__body__inner\">\n                    <div class=\"o-neuron-hover-holder__body-meta\">\n                                                    <h5 class=\"o-neuron-hover-holder__body-meta__title o-neuron-post__title\">\n                                <a href=\"https:\/\/cejume.mx\/index.php\/2022\/05\/09\/justo-en-el-punto-el-podcast-de-cejume\/\">Justo en el punto, el podcast de CEJUME<\/a>\n                            <\/h5>\n                                                                            <div class=\"o-blog-post__meta o-neuron-post__meta\">\n                                <div class=\"o-blog-post__category a-separator o-neuron-post__meta-icon\">\n        <ul>\n                    <li><a class=\"o-neuron-post__meta\" href=\"https:\/\/cejume.mx\/index.php\/category\/blog-cejume\/\">3 Blog CEJUME<\/a><\/li>\n            <\/ul>\n<\/div>\n                            <\/div>\n                                            <\/div>\n                <\/div>\n                <a href=\"https:\/\/cejume.mx\/index.php\/2022\/05\/09\/justo-en-el-punto-el-podcast-de-cejume\/\"><\/a>\n            <\/div>\n            <\/div>\n<\/div>        <\/div>\n                    <div class=\"o-post o-blog-post wow h-fadeInNeuron item\" data-id=\"50710\" >\n            <div class=\"o-neuron-hover o-neuron-hover--meta-inside o-neuron-hover--translate\">\n    <div class=\"o-neuron-hover-holder\">\n        <div class=\"o-neuron-hover-holder__header\">\n            <a href=\"https:\/\/cejume.mx\/index.php\/2022\/04\/25\/que-le-paso-a-guillermina\/\" class=\"o-neuron-hover-holder__header__media\">\n                                    <div class=\"h-calculated-image\" style=\"padding-bottom: 56.900878% !important;\">\n                        <img width=\"1594\" height=\"907\" src=\"https:\/\/cejume.mx\/wp\/wp-content\/uploads\/2022\/04\/que-le-paso-220422.png\" class=\"attachment-post-thumbnail size-post-thumbnail wp-post-image\" alt=\"\" decoding=\"async\" srcset=\"https:\/\/cejume.mx\/wp\/wp-content\/uploads\/2022\/04\/que-le-paso-220422.png 1594w, https:\/\/cejume.mx\/wp\/wp-content\/uploads\/2022\/04\/que-le-paso-220422-300x171.png 300w, https:\/\/cejume.mx\/wp\/wp-content\/uploads\/2022\/04\/que-le-paso-220422-1024x583.png 1024w, https:\/\/cejume.mx\/wp\/wp-content\/uploads\/2022\/04\/que-le-paso-220422-768x437.png 768w, https:\/\/cejume.mx\/wp\/wp-content\/uploads\/2022\/04\/que-le-paso-220422-1536x874.png 1536w, https:\/\/cejume.mx\/wp\/wp-content\/uploads\/2022\/04\/que-le-paso-220422-600x341.png 600w\" sizes=\"(max-width: 1594px) 100vw, 1594px\" \/>                    <\/div>\n                            <\/a>\n                            <div class=\"o-neuron-hover-holder__header__overlay\"><\/div>\n                    <\/div>\n                    <div class=\"o-neuron-hover-holder__body d-flex align-items-center\">\n                <div class=\"o-neuron-hover-holder__body__inner\">\n                    <div class=\"o-neuron-hover-holder__body-meta\">\n                                                    <h5 class=\"o-neuron-hover-holder__body-meta__title o-neuron-post__title\">\n                                <a href=\"https:\/\/cejume.mx\/index.php\/2022\/04\/25\/que-le-paso-a-guillermina\/\">\u00bfQu\u00e9 le pas\u00f3 a Guillermina?<\/a>\n                            <\/h5>\n                                                                            <div class=\"o-blog-post__meta o-neuron-post__meta\">\n                                <div class=\"o-blog-post__category a-separator o-neuron-post__meta-icon\">\n        <ul>\n                    <li><a class=\"o-neuron-post__meta\" href=\"https:\/\/cejume.mx\/index.php\/category\/blog-cejume\/\">3 Blog CEJUME<\/a><\/li>\n            <\/ul>\n<\/div>\n                            <\/div>\n                                            <\/div>\n                <\/div>\n                <a href=\"https:\/\/cejume.mx\/index.php\/2022\/04\/25\/que-le-paso-a-guillermina\/\"><\/a>\n            <\/div>\n            <\/div>\n<\/div>        <\/div>\n                    <div class=\"o-post o-blog-post wow h-fadeInNeuron item\" data-id=\"49522\" >\n            <div class=\"o-neuron-hover o-neuron-hover--meta-inside o-neuron-hover--translate\">\n    <div class=\"o-neuron-hover-holder\">\n        <div class=\"o-neuron-hover-holder__header\">\n            <a href=\"https:\/\/cejume.mx\/index.php\/2022\/04\/04\/cejume-sembrando-semillas\/\" class=\"o-neuron-hover-holder__header__media\">\n                                    <div class=\"h-calculated-image\" style=\"padding-bottom: 66.147636% !important;\">\n                        <img width=\"1734\" height=\"1147\" src=\"https:\/\/cejume.mx\/wp\/wp-content\/uploads\/2022\/04\/sEMILLA-MINIATURA.png\" class=\"attachment-post-thumbnail size-post-thumbnail wp-post-image\" alt=\"\" decoding=\"async\" srcset=\"https:\/\/cejume.mx\/wp\/wp-content\/uploads\/2022\/04\/sEMILLA-MINIATURA.png 1734w, https:\/\/cejume.mx\/wp\/wp-content\/uploads\/2022\/04\/sEMILLA-MINIATURA-300x198.png 300w, https:\/\/cejume.mx\/wp\/wp-content\/uploads\/2022\/04\/sEMILLA-MINIATURA-1024x677.png 1024w, https:\/\/cejume.mx\/wp\/wp-content\/uploads\/2022\/04\/sEMILLA-MINIATURA-768x508.png 768w, https:\/\/cejume.mx\/wp\/wp-content\/uploads\/2022\/04\/sEMILLA-MINIATURA-1536x1016.png 1536w, https:\/\/cejume.mx\/wp\/wp-content\/uploads\/2022\/04\/sEMILLA-MINIATURA-600x397.png 600w\" sizes=\"(max-width: 1734px) 100vw, 1734px\" \/>                    <\/div>\n                            <\/a>\n                            <div class=\"o-neuron-hover-holder__header__overlay\"><\/div>\n                    <\/div>\n                    <div class=\"o-neuron-hover-holder__body d-flex align-items-center\">\n                <div class=\"o-neuron-hover-holder__body__inner\">\n                    <div class=\"o-neuron-hover-holder__body-meta\">\n                                                    <h5 class=\"o-neuron-hover-holder__body-meta__title o-neuron-post__title\">\n                                <a href=\"https:\/\/cejume.mx\/index.php\/2022\/04\/04\/cejume-sembrando-semillas\/\">CEJUME: sembrando semillas<\/a>\n                            <\/h5>\n                                                                            <div class=\"o-blog-post__meta o-neuron-post__meta\">\n                                <div class=\"o-blog-post__category a-separator o-neuron-post__meta-icon\">\n        <ul>\n                    <li><a class=\"o-neuron-post__meta\" href=\"https:\/\/cejume.mx\/index.php\/category\/blog-cejume\/\">3 Blog CEJUME<\/a><\/li>\n            <\/ul>\n<\/div>\n                            <\/div>\n                                            <\/div>\n                <\/div>\n                <a href=\"https:\/\/cejume.mx\/index.php\/2022\/04\/04\/cejume-sembrando-semillas\/\"><\/a>\n            <\/div>\n            <\/div>\n<\/div>        <\/div>\n                    <div class=\"o-post o-blog-post wow h-fadeInNeuron item\" data-id=\"48548\" >\n            <div class=\"o-neuron-hover o-neuron-hover--meta-inside o-neuron-hover--translate\">\n    <div class=\"o-neuron-hover-holder\">\n        <div class=\"o-neuron-hover-holder__header\">\n            <a href=\"https:\/\/cejume.mx\/index.php\/2022\/03\/14\/como-se-capacita-a-quienes-califican-los-portafolios-de-las-y-los-operadores-del-sistema-de-justicia-penal\/\" class=\"o-neuron-hover-holder__header__media\">\n                                    <div class=\"h-calculated-image\" style=\"padding-bottom: 66.000000% !important;\">\n                        <img width=\"700\" height=\"462\" src=\"https:\/\/cejume.mx\/wp\/wp-content\/uploads\/2022\/03\/BANNER-ERIKA_cuadro.png\" class=\"attachment-post-thumbnail size-post-thumbnail wp-post-image\" alt=\"\" decoding=\"async\" srcset=\"https:\/\/cejume.mx\/wp\/wp-content\/uploads\/2022\/03\/BANNER-ERIKA_cuadro.png 700w, https:\/\/cejume.mx\/wp\/wp-content\/uploads\/2022\/03\/BANNER-ERIKA_cuadro-300x198.png 300w, https:\/\/cejume.mx\/wp\/wp-content\/uploads\/2022\/03\/BANNER-ERIKA_cuadro-600x396.png 600w\" sizes=\"(max-width: 700px) 100vw, 700px\" \/>                    <\/div>\n                            <\/a>\n                            <div class=\"o-neuron-hover-holder__header__overlay\"><\/div>\n                    <\/div>\n                    <div class=\"o-neuron-hover-holder__body d-flex align-items-center\">\n                <div class=\"o-neuron-hover-holder__body__inner\">\n                    <div class=\"o-neuron-hover-holder__body-meta\">\n                                                    <h5 class=\"o-neuron-hover-holder__body-meta__title o-neuron-post__title\">\n                                <a href=\"https:\/\/cejume.mx\/index.php\/2022\/03\/14\/como-se-capacita-a-quienes-califican-los-portafolios-de-las-y-los-operadores-del-sistema-de-justicia-penal\/\">\u00bfC\u00f3mo se capacita a quienes califican los portafolios de las y los operadores del SJP?<\/a>\n                            <\/h5>\n                                                                            <div class=\"o-blog-post__meta o-neuron-post__meta\">\n                                <div class=\"o-blog-post__category a-separator o-neuron-post__meta-icon\">\n        <ul>\n                    <li><a class=\"o-neuron-post__meta\" href=\"https:\/\/cejume.mx\/index.php\/category\/blog-cejume\/\">3 Blog CEJUME<\/a><\/li>\n            <\/ul>\n<\/div>\n                            <\/div>\n                                            <\/div>\n                <\/div>\n                <a href=\"https:\/\/cejume.mx\/index.php\/2022\/03\/14\/como-se-capacita-a-quienes-califican-los-portafolios-de-las-y-los-operadores-del-sistema-de-justicia-penal\/\"><\/a>\n            <\/div>\n            <\/div>\n<\/div>        <\/div>\n                    <div class=\"o-post o-blog-post wow h-fadeInNeuron item\" data-id=\"48415\" >\n            <div class=\"o-neuron-hover o-neuron-hover--meta-inside o-neuron-hover--translate\">\n    <div class=\"o-neuron-hover-holder\">\n        <div class=\"o-neuron-hover-holder__header\">\n            <a href=\"https:\/\/cejume.mx\/index.php\/2022\/03\/10\/documental-cejume\/\" class=\"o-neuron-hover-holder__header__media\">\n                                    <div class=\"h-calculated-image\" style=\"padding-bottom: 56.436421% !important;\">\n                        <img width=\"1274\" height=\"719\" src=\"https:\/\/cejume.mx\/wp\/wp-content\/uploads\/2022\/03\/Captura-de-Pantalla-2022-03-11-a-las-0.06.27.png\" class=\"attachment-post-thumbnail size-post-thumbnail wp-post-image\" alt=\"\" decoding=\"async\" srcset=\"https:\/\/cejume.mx\/wp\/wp-content\/uploads\/2022\/03\/Captura-de-Pantalla-2022-03-11-a-las-0.06.27.png 1274w, https:\/\/cejume.mx\/wp\/wp-content\/uploads\/2022\/03\/Captura-de-Pantalla-2022-03-11-a-las-0.06.27-300x169.png 300w, https:\/\/cejume.mx\/wp\/wp-content\/uploads\/2022\/03\/Captura-de-Pantalla-2022-03-11-a-las-0.06.27-1024x578.png 1024w, https:\/\/cejume.mx\/wp\/wp-content\/uploads\/2022\/03\/Captura-de-Pantalla-2022-03-11-a-las-0.06.27-768x433.png 768w, https:\/\/cejume.mx\/wp\/wp-content\/uploads\/2022\/03\/Captura-de-Pantalla-2022-03-11-a-las-0.06.27-600x339.png 600w\" sizes=\"(max-width: 1274px) 100vw, 1274px\" \/>                    <\/div>\n                            <\/a>\n                            <div class=\"o-neuron-hover-holder__header__overlay\"><\/div>\n                    <\/div>\n                    <div class=\"o-neuron-hover-holder__body d-flex align-items-center\">\n                <div class=\"o-neuron-hover-holder__body__inner\">\n                    <div class=\"o-neuron-hover-holder__body-meta\">\n                                                    <h5 class=\"o-neuron-hover-holder__body-meta__title o-neuron-post__title\">\n                                <a href=\"https:\/\/cejume.mx\/index.php\/2022\/03\/10\/documental-cejume\/\">Documental CEJUME<\/a>\n                            <\/h5>\n                                                                            <div class=\"o-blog-post__meta o-neuron-post__meta\">\n                                <div class=\"o-blog-post__category a-separator o-neuron-post__meta-icon\">\n        <ul>\n                    <li><a class=\"o-neuron-post__meta\" href=\"https:\/\/cejume.mx\/index.php\/category\/videos\/\">2 Video charla<\/a><\/li>\n            <\/ul>\n<\/div>\n                            <\/div>\n                                            <\/div>\n                <\/div>\n                <a href=\"https:\/\/cejume.mx\/index.php\/2022\/03\/10\/documental-cejume\/\"><\/a>\n            <\/div>\n            <\/div>\n<\/div>        <\/div>\n                    <div class=\"o-post o-blog-post wow h-fadeInNeuron item\" data-id=\"48209\" >\n            <div class=\"o-neuron-hover o-neuron-hover--meta-inside o-neuron-hover--translate\">\n    <div class=\"o-neuron-hover-holder\">\n        <div class=\"o-neuron-hover-holder__header\">\n            <a href=\"https:\/\/cejume.mx\/index.php\/2022\/03\/08\/episodio-2-perspectiva-de-genero\/\" class=\"o-neuron-hover-holder__header__media\">\n                                    <div class=\"h-calculated-image\" style=\"padding-bottom: 65.857143% !important;\">\n                        <img width=\"700\" height=\"461\" src=\"https:\/\/cejume.mx\/wp\/wp-content\/uploads\/2022\/03\/sdw-1.png\" class=\"attachment-post-thumbnail size-post-thumbnail wp-post-image\" alt=\"\" decoding=\"async\" srcset=\"https:\/\/cejume.mx\/wp\/wp-content\/uploads\/2022\/03\/sdw-1.png 700w, https:\/\/cejume.mx\/wp\/wp-content\/uploads\/2022\/03\/sdw-1-300x198.png 300w, https:\/\/cejume.mx\/wp\/wp-content\/uploads\/2022\/03\/sdw-1-600x395.png 600w\" sizes=\"(max-width: 700px) 100vw, 700px\" \/>                    <\/div>\n                            <\/a>\n                            <div class=\"o-neuron-hover-holder__header__overlay\"><\/div>\n                    <\/div>\n                    <div class=\"o-neuron-hover-holder__body d-flex align-items-center\">\n                <div class=\"o-neuron-hover-holder__body__inner\">\n                    <div class=\"o-neuron-hover-holder__body-meta\">\n                                                    <h5 class=\"o-neuron-hover-holder__body-meta__title o-neuron-post__title\">\n                                <a href=\"https:\/\/cejume.mx\/index.php\/2022\/03\/08\/episodio-2-perspectiva-de-genero\/\">Episodio 2 Perspectiva de g\u00e9nero y justicia penal<\/a>\n                            <\/h5>\n                                                                            <div class=\"o-blog-post__meta o-neuron-post__meta\">\n                                <div class=\"o-blog-post__category a-separator o-neuron-post__meta-icon\">\n        <ul>\n                    <li><a class=\"o-neuron-post__meta\" href=\"https:\/\/cejume.mx\/index.php\/category\/1-podcast\/\">1 Podcast<\/a><\/li>\n            <\/ul>\n<\/div>\n                            <\/div>\n                                            <\/div>\n                <\/div>\n                <a href=\"https:\/\/cejume.mx\/index.php\/2022\/03\/08\/episodio-2-perspectiva-de-genero\/\"><\/a>\n            <\/div>\n            <\/div>\n<\/div>        <\/div>\n    <\/div>\n<script type=\"text\/javascript\">\n    jQuery(document).ready(function($) {\n        var owl = $('#9032d754a3db989fb32f7708bed3d29e');\n\n        owl.owlCarousel({\n            items: 1,\n            margin: 10,\n            autoHeight: false,\n            loop: false,\n            mouseDrag: true,\n            touchDrag: true,\n            stagePadding: 0,\n            startPosition: 0,\n            nav: false,\n            navText: [\n                '<svg xmlns=\"http:\/\/www.w3.org\/2000\/svg\" width=\"22\" height=\"22\" viewBox=\"0 0 24 24\" fill=\"none\" stroke=\"currentColor\" stroke-width=\"2\" stroke-linecap=\"round\" stroke-linejoin=\"round\" class=\"feather feather-arrow-left\"><line x1=\"19\" y1=\"12\" x2=\"5\" y2=\"12\"><\/line><polyline points=\"12 19 5 12 12 5\"><\/polyline><\/svg>',\n                '<svg xmlns=\"http:\/\/www.w3.org\/2000\/svg\" width=\"22\" height=\"22\" viewBox=\"0 0 24 24\" fill=\"none\" stroke=\"currentColor\" stroke-width=\"2\" stroke-linecap=\"round\" stroke-linejoin=\"round\" class=\"feather feather-arrow-right\"><line x1=\"5\" y1=\"12\" x2=\"19\" y2=\"12\"><\/line><polyline points=\"12 5 19 12 12 19\"><\/polyline><\/svg>'\n            ],\n            dots: false,\n            autoplay: false,\n            autoplayTimeout: 2000,\n            autoplayHoverPause: false,\n            smartSpeed: 450,\n            responsive:{\n                768:{\n                    items: 2,\n                    margin: 5,\n                    stagePadding: 0                },\n                992:{\n                    items: 3,\n                    margin: 0,\n                    stagePadding: 0                }\n            }\n        });\n    });\n<\/script>\t\t\t<\/div>\n        <\/div>\n        \t\t<\/div>\n\t\t\t\t<\/div>\n\t\t\t\t<div class=\"elementor-element elementor-element-897a57e elementor-widget elementor-widget-spacer\" data-id=\"897a57e\" data-element_type=\"widget\" data-widget_type=\"spacer.default\">\n\t\t\t\t<div class=\"elementor-widget-container\">\n\t\t\t\t\t<div class=\"elementor-spacer\">\n\t\t\t<div class=\"elementor-spacer-inner\"><\/div>\n\t\t<\/div>\n\t\t\t\t<\/div>\n\t\t\t\t<\/div>\n\t\t\t\t\t\t<\/div>\n\t\t\t\t\t<\/div>\n\t\t<\/div>\n\t\t\t\t\t\t\t\t<\/div>\n\t\t\t\t\t<\/div>\n\t\t<\/section>\n\t\t\t\t\t\t\t\t\t<\/div>\n\t\t\t<\/div>\n\t\t\t\t\t<\/div>\n\t\t","protected":false},"excerpt":{"rendered":"<p>Entrega de reconocimientos a la segunda generaci\u00f3n de agentes del Ministerio P\u00fablico certificados en Sonora<\/p>\n","protected":false},"author":3,"featured_media":47315,"comment_status":"closed","ping_status":"closed","sticky":false,"template":"elementor_header_footer","format":"standard","meta":[],"categories":[95],"tags":[],"acf":[],"_links":{"self":[{"href":"https:\/\/cejume.mx\/index.php\/wp-json\/wp\/v2\/posts\/47314"}],"collection":[{"href":"https:\/\/cejume.mx\/index.php\/wp-json\/wp\/v2\/posts"}],"about":[{"href":"https:\/\/cejume.mx\/index.php\/wp-json\/wp\/v2\/types\/post"}],"author":[{"embeddable":true,"href":"https:\/\/cejume.mx\/index.php\/wp-json\/wp\/v2\/users\/3"}],"replies":[{"embeddable":true,"href":"https:\/\/cejume.mx\/index.php\/wp-json\/wp\/v2\/comments?post=47314"}],"version-history":[{"count":7,"href":"https:\/\/cejume.mx\/index.php\/wp-json\/wp\/v2\/posts\/47314\/revisions"}],"predecessor-version":[{"id":48292,"href":"https:\/\/cejume.mx\/index.php\/wp-json\/wp\/v2\/posts\/47314\/revisions\/48292"}],"wp:featuredmedia":[{"embeddable":true,"href":"https:\/\/cejume.mx\/index.php\/wp-json\/wp\/v2\/media\/47315"}],"wp:attachment":[{"href":"https:\/\/cejume.mx\/index.php\/wp-json\/wp\/v2\/media?parent=47314"}],"wp:term":[{"taxonomy":"category","embeddable":true,"href":"https:\/\/cejume.mx\/index.php\/wp-json\/wp\/v2\/categories?post=47314"},{"taxonomy":"post_tag","embeddable":true,"href":"https:\/\/cejume.mx\/index.php\/wp-json\/wp\/v2\/tags?post=47314"}],"curies":[{"name":"wp","href":"https:\/\/api.w.org\/{rel}","templated":true}]}}