{"id":51280,"date":"2022-07-11T09:49:04","date_gmt":"2022-07-11T14:49:04","guid":{"rendered":"http:\/\/34.70.206.201\/cejume\/wp\/?p=51280"},"modified":"2022-07-11T10:41:57","modified_gmt":"2022-07-11T15:41:57","slug":"la-experiencia-de-una-revolucion-institucional-en-mi-pais","status":"publish","type":"post","link":"https:\/\/cejume.mx\/index.php\/2022\/07\/11\/la-experiencia-de-una-revolucion-institucional-en-mi-pais\/","title":{"rendered":"La experiencia de una revoluci\u00f3n institucional en mi pa\u00eds"},"content":{"rendered":"\t\t<div data-elementor-type=\"wp-post\" data-elementor-id=\"51280\" class=\"elementor elementor-51280\" data-elementor-post-type=\"post\">\n\t\t\t\t\t\t<div class=\"elementor-inner\">\n\t\t\t\t<div class=\"elementor-section-wrap\">\n\t\t\t\t\t\t\t\t\t<section class=\"elementor-section elementor-top-section elementor-element elementor-element-d96565e elementor-section-boxed elementor-section-height-default elementor-section-height-default neuron-fixed-no\" data-id=\"d96565e\" data-element_type=\"section\" data-settings=\"{&quot;background_background&quot;:&quot;classic&quot;}\">\n\t\t\t\t\t\t\t<div class=\"elementor-background-overlay\"><\/div>\n\t\t\t\t\t\t\t<div class=\"elementor-container elementor-column-gap-default\">\n\t\t\t\t\t\t\t<div class=\"elementor-row\">\n\t\t\t\t\t<div class=\"elementor-column elementor-col-100 elementor-top-column elementor-element elementor-element-493f6a7\" data-id=\"493f6a7\" data-element_type=\"column\">\n\t\t\t<div class=\"elementor-column-wrap elementor-element-populated\">\n\t\t\t\t\t\t\t<div class=\"elementor-widget-wrap\">\n\t\t\t\t\t\t<div class=\"elementor-element elementor-element-71d863d elementor-widget elementor-widget-spacer\" data-id=\"71d863d\" data-element_type=\"widget\" data-widget_type=\"spacer.default\">\n\t\t\t\t<div class=\"elementor-widget-container\">\n\t\t\t\t\t<div class=\"elementor-spacer\">\n\t\t\t<div class=\"elementor-spacer-inner\"><\/div>\n\t\t<\/div>\n\t\t\t\t<\/div>\n\t\t\t\t<\/div>\n\t\t\t\t<section class=\"elementor-section elementor-inner-section elementor-element elementor-element-e0959ce elementor-section-boxed elementor-section-height-default elementor-section-height-default neuron-fixed-no\" data-id=\"e0959ce\" data-element_type=\"section\">\n\t\t\t\t\t\t<div class=\"elementor-container elementor-column-gap-default\">\n\t\t\t\t\t\t\t<div class=\"elementor-row\">\n\t\t\t\t\t<div class=\"elementor-column elementor-col-33 elementor-inner-column elementor-element elementor-element-d9bfac7\" data-id=\"d9bfac7\" data-element_type=\"column\">\n\t\t\t<div class=\"elementor-column-wrap\">\n\t\t\t\t\t\t\t<div class=\"elementor-widget-wrap\">\n\t\t\t\t\t\t\t\t<\/div>\n\t\t\t\t\t<\/div>\n\t\t<\/div>\n\t\t\t\t<div class=\"elementor-column elementor-col-33 elementor-inner-column elementor-element elementor-element-48f7700\" data-id=\"48f7700\" data-element_type=\"column\">\n\t\t\t<div class=\"elementor-column-wrap elementor-element-populated\">\n\t\t\t\t\t\t\t<div class=\"elementor-widget-wrap\">\n\t\t\t\t\t\t<div class=\"elementor-element elementor-element-ce777a0 elementor-widget elementor-widget-spacer\" data-id=\"ce777a0\" data-element_type=\"widget\" data-widget_type=\"spacer.default\">\n\t\t\t\t<div class=\"elementor-widget-container\">\n\t\t\t\t\t<div class=\"elementor-spacer\">\n\t\t\t<div class=\"elementor-spacer-inner\"><\/div>\n\t\t<\/div>\n\t\t\t\t<\/div>\n\t\t\t\t<\/div>\n\t\t\t\t\t\t<\/div>\n\t\t\t\t\t<\/div>\n\t\t<\/div>\n\t\t\t\t<div class=\"elementor-column elementor-col-33 elementor-inner-column elementor-element elementor-element-c8348d5\" data-id=\"c8348d5\" data-element_type=\"column\">\n\t\t\t<div class=\"elementor-column-wrap elementor-element-populated\">\n\t\t\t\t\t\t\t<div class=\"elementor-widget-wrap\">\n\t\t\t\t\t\t<div class=\"elementor-element elementor-element-a8c1cb9 elementor-widget elementor-widget-heading\" data-id=\"a8c1cb9\" data-element_type=\"widget\" data-widget_type=\"heading.default\">\n\t\t\t\t<div class=\"elementor-widget-container\">\n\t\t\t<h2 class=\"elementor-heading-title elementor-size-default\">La experiencia de una revoluci\u00f3n institucional en mi pa\u00eds<\/h2>\t\t<\/div>\n\t\t\t\t<\/div>\n\t\t\t\t\t\t<\/div>\n\t\t\t\t\t<\/div>\n\t\t<\/div>\n\t\t\t\t\t\t\t\t<\/div>\n\t\t\t\t\t<\/div>\n\t\t<\/section>\n\t\t\t\t<div class=\"elementor-element elementor-element-9b0809c elementor-widget elementor-widget-spacer\" data-id=\"9b0809c\" data-element_type=\"widget\" data-widget_type=\"spacer.default\">\n\t\t\t\t<div class=\"elementor-widget-container\">\n\t\t\t\t\t<div class=\"elementor-spacer\">\n\t\t\t<div class=\"elementor-spacer-inner\"><\/div>\n\t\t<\/div>\n\t\t\t\t<\/div>\n\t\t\t\t<\/div>\n\t\t\t\t<div class=\"elementor-element elementor-element-4170205 elementor-widget elementor-widget-spacer\" data-id=\"4170205\" data-element_type=\"widget\" data-widget_type=\"spacer.default\">\n\t\t\t\t<div class=\"elementor-widget-container\">\n\t\t\t\t\t<div class=\"elementor-spacer\">\n\t\t\t<div class=\"elementor-spacer-inner\"><\/div>\n\t\t<\/div>\n\t\t\t\t<\/div>\n\t\t\t\t<\/div>\n\t\t\t\t\t\t<\/div>\n\t\t\t\t\t<\/div>\n\t\t<\/div>\n\t\t\t\t\t\t\t\t<\/div>\n\t\t\t\t\t<\/div>\n\t\t<\/section>\n\t\t\t\t<section class=\"elementor-section elementor-top-section elementor-element elementor-element-6359d55 elementor-section-boxed elementor-section-height-default elementor-section-height-default neuron-fixed-no\" data-id=\"6359d55\" data-element_type=\"section\">\n\t\t\t\t\t\t<div class=\"elementor-container elementor-column-gap-default\">\n\t\t\t\t\t\t\t<div class=\"elementor-row\">\n\t\t\t\t\t<div class=\"elementor-column elementor-col-50 elementor-top-column elementor-element elementor-element-a1dee48\" data-id=\"a1dee48\" data-element_type=\"column\">\n\t\t\t<div class=\"elementor-column-wrap elementor-element-populated\">\n\t\t\t\t\t\t\t<div class=\"elementor-widget-wrap\">\n\t\t\t\t\t\t<div class=\"elementor-element elementor-element-dbf6127 elementor-widget elementor-widget-spacer\" data-id=\"dbf6127\" data-element_type=\"widget\" data-widget_type=\"spacer.default\">\n\t\t\t\t<div class=\"elementor-widget-container\">\n\t\t\t\t\t<div class=\"elementor-spacer\">\n\t\t\t<div class=\"elementor-spacer-inner\"><\/div>\n\t\t<\/div>\n\t\t\t\t<\/div>\n\t\t\t\t<\/div>\n\t\t\t\t<div class=\"elementor-element elementor-element-5374b0a elementor-widget elementor-widget-text-editor\" data-id=\"5374b0a\" data-element_type=\"widget\" data-widget_type=\"text-editor.default\">\n\t\t\t\t<div class=\"elementor-widget-container\">\n\t\t\t\t\t\t\t\t<div class=\"elementor-text-editor elementor-clearfix\">\n\t\t\t\t<p><\/p>\n<p><font face=\"Roboto, Helvetica, Arial, sans-serif\">Ver\u00f3nica Medina Gonz\u00e1lez<br>\n<\/font><\/p>\n<p><font face=\"Roboto, Helvetica, Arial, sans-serif\"><span style=\"color: rgb(32, 64, 79); font-size: 15px;\">Representante local de Nuevo Le\u00f3n, Consultora y abogada penalista<\/span><\/font><\/p>\t\t\t\t\t<\/div>\n\t\t\t\t\t\t<\/div>\n\t\t\t\t<\/div>\n\t\t\t\t<div class=\"elementor-element elementor-element-d0f9b1e elementor-widget elementor-widget-text-editor\" data-id=\"d0f9b1e\" data-element_type=\"widget\" data-widget_type=\"text-editor.default\">\n\t\t\t\t<div class=\"elementor-widget-container\">\n\t\t\t\t\t\t\t\t<div class=\"elementor-text-editor elementor-clearfix\">\n\t\t\t\t<p>Hace a\u00f1os que trabajo como consultora en procuraci\u00f3n de justicia en materia penal. B\u00e1sicamente, me dedico a observar y emitir recomendaciones para el fortalecimiento de procesos de atenci\u00f3n a v\u00edctimas del delito, as\u00ed como de mecanismos enfocados en la reinserci\u00f3n social de personas agresoras. No obstante, mi pasi\u00f3n por la materia se remonta a mi infancia; tal vez sorprenda una conexi\u00f3n tan a\u00f1eja, pero me gusta compartir que el fondo de mis ra\u00edces se conecta con el sue\u00f1o de ayudar a construir mundos en donde prevalezca la confianza, el respeto, la consideraci\u00f3n y la admiraci\u00f3n. Mundos en donde todas las personas cuentan con herramientas que les permitan vivir en libertad. <\/p><p><br><\/p>\n<p>Desde siempre, pero especialmente en los \u00faltimos a\u00f1os, he tenido la fortuna de vivir y continuar construyendo estos mundos de la mano de personas que hablan y entienden mi lenguaje. Personas que se distinguen por tener un grado alto de empat\u00eda y que emocional e intelectualmente cuentan con herramientas altamente efectivas para fortalecer los procesos institucionales de atenci\u00f3n a personas que transitan por problemas emocionales que se traducen en conflictos penales. <\/p><p><br><\/p>\n<p>En dicho contexto, percibo una revoluci\u00f3n institucional en mi pa\u00eds, ya que descubr\u00ed y he ido asimilado el concepto y los alcances de la Pol\u00edtica de Persecuci\u00f3n Penal (PPP), la cual es una de las herramientas m\u00e1s poderosas para la transformaci\u00f3n de los mecanismos de atenci\u00f3n de las personas que recurren al auxilio de instancias de investigaci\u00f3n y persecuci\u00f3n penal. A mi gusto, la PPP representa el coraz\u00f3n de una nueva filosof\u00eda de trabajo. Es un documento normativo en el que se definen los objetivos estrat\u00e9gicos por alcanzar, a trav\u00e9s de la investigaci\u00f3n y persecuci\u00f3n penal, as\u00ed como el marco que regula la obtenci\u00f3n de resultados \u00f3ptimos conforme a las prioridades institucionales y el uso eficiente de los recursos. Dicho en otras palabras, es la s\u00edstole y el di\u00e1stole que dirige los esfuerzos para la atenci\u00f3n de aquellos fen\u00f3menos criminales que m\u00e1s lastiman a las familias, colonias, ciudades y estados que integran nuestro M\u00e9xico lindo y querido. <\/p><p><br><\/p>\n<p>La PPP identifica tem\u00e1ticas prioritarias, es decir, aquellos comportamientos sociales que limitan el ejercicio libre de nuestros derechos y deseos m\u00e1s profundos: violencia familiar, acoso y hostigamiento sexual en entornos escolares y laborales, privaci\u00f3n de la libertad, entre innumerables ejemplos que pudiera citar. Algunas Fiscal\u00edas, como la de los estados de Sonora y Coahuila, cuentan con avances significativos en la definici\u00f3n de tem\u00e1ticas prioritarias, tales como \u201cviolencia contra mujeres y ni\u00f1as\u201d, \u201catenci\u00f3n a adolescentes en conflicto con la ley\u201d, \u201cestructuras criminales\u201d, \u201cviolaciones graves a derechos humanos\u201d, entre otras tantas que dependen del contexto de cada entidad federativa.<\/p>\t\t\t\t\t<\/div>\n\t\t\t\t\t\t<\/div>\n\t\t\t\t<\/div>\n\t\t\t\t\t\t<\/div>\n\t\t\t\t\t<\/div>\n\t\t<\/div>\n\t\t\t\t<div class=\"elementor-column elementor-col-50 elementor-top-column elementor-element elementor-element-1954c06\" data-id=\"1954c06\" data-element_type=\"column\">\n\t\t\t<div class=\"elementor-column-wrap elementor-element-populated\">\n\t\t\t\t\t\t\t<div class=\"elementor-widget-wrap\">\n\t\t\t\t\t\t<div class=\"elementor-element elementor-element-bf521dc elementor-widget elementor-widget-spacer\" data-id=\"bf521dc\" data-element_type=\"widget\" data-widget_type=\"spacer.default\">\n\t\t\t\t<div class=\"elementor-widget-container\">\n\t\t\t\t\t<div class=\"elementor-spacer\">\n\t\t\t<div class=\"elementor-spacer-inner\"><\/div>\n\t\t<\/div>\n\t\t\t\t<\/div>\n\t\t\t\t<\/div>\n\t\t\t\t<div class=\"elementor-element elementor-element-7acbda9 elementor-widget elementor-widget-image\" data-id=\"7acbda9\" data-element_type=\"widget\" data-widget_type=\"image.default\">\n\t\t\t\t<div class=\"elementor-widget-container\">\n\t\t\t\t\t\t\t\t<div class=\"elementor-image\">\n\t\t\t\t\t\t\t\t\t\t\t\t<img decoding=\"async\" width=\"1024\" height=\"700\" src=\"https:\/\/cejume.mx\/wp\/wp-content\/uploads\/2022\/07\/vero.png\" class=\"attachment-large size-large wp-image-51291\" alt=\"\" srcset=\"https:\/\/cejume.mx\/wp\/wp-content\/uploads\/2022\/07\/vero.png 1024w, https:\/\/cejume.mx\/wp\/wp-content\/uploads\/2022\/07\/vero-300x205.png 300w, https:\/\/cejume.mx\/wp\/wp-content\/uploads\/2022\/07\/vero-768x525.png 768w, https:\/\/cejume.mx\/wp\/wp-content\/uploads\/2022\/07\/vero-600x410.png 600w\" sizes=\"(max-width: 1024px) 100vw, 1024px\" \/>\t\t\t\t\t\t\t\t\t\t\t\t\t\t<\/div>\n\t\t\t\t\t\t<\/div>\n\t\t\t\t<\/div>\n\t\t\t\t<div class=\"elementor-element elementor-element-b543fb8 elementor-widget elementor-widget-spacer\" data-id=\"b543fb8\" data-element_type=\"widget\" data-widget_type=\"spacer.default\">\n\t\t\t\t<div class=\"elementor-widget-container\">\n\t\t\t\t\t<div class=\"elementor-spacer\">\n\t\t\t<div class=\"elementor-spacer-inner\"><\/div>\n\t\t<\/div>\n\t\t\t\t<\/div>\n\t\t\t\t<\/div>\n\t\t\t\t<div class=\"elementor-element elementor-element-1ad1321 elementor-widget elementor-widget-text-editor\" data-id=\"1ad1321\" data-element_type=\"widget\" data-widget_type=\"text-editor.default\">\n\t\t\t\t<div class=\"elementor-widget-container\">\n\t\t\t\t\t\t\t\t<div class=\"elementor-text-editor elementor-clearfix\">\n\t\t\t\t<p><\/p>\n<p>Una vez definidas las tem\u00e1ticas prioritarias, es importante profundizar en la identificaci\u00f3n de fen\u00f3menos criminales. Esto, a partir del an\u00e1lisis del delito entendiendo que ocurre en un contexto complejo que atiende a diversas caracter\u00edsticas relacionadas con las partes involucradas en el conflicto, sus detonantes y consecuencias, la conexi\u00f3n con otros delitos o infracciones, as\u00ed como las relacionadas a las zonas, objetos, horarios y formas de ejecuci\u00f3n. <\/p><p><br><\/p>\n<p>Lo anterior obliga a un cambio radical de las formas de trabajo institucionales. Transitamos de ser instituciones que responden de manera reactiva ante la solicitud de auxilio de las partes involucradas en un conflicto a instituciones que activan mecanismos conscientes, informados y reflexivos para la atenci\u00f3n integral de los fen\u00f3menos criminales y garantizar la reparaci\u00f3n del da\u00f1o integral y la reinserci\u00f3n social de la persona que caus\u00f3 el da\u00f1o.<\/p><p><br><\/p>\n<p>Los contextos, la demanda social y los esfuerzos por parte de las instituciones han transformado el desempe\u00f1o de las y los agentes del Ministerio P\u00fablico. En mi experiencia, he podido observar a agentes del Ministerio P\u00fablico ejerciendo la abogac\u00eda de forma emp\u00e1tica, teniendo consideraci\u00f3n y respeto hacia las problem\u00e1ticas expuestas por las personas que acuden en busca de auxilio, as\u00ed como ejercicios altamente comprometidos que garanticen el entendimiento del contexto de la situaci\u00f3n, de las aspiraciones y las necesidades m\u00e1s profundas de las partes involucradas. La generaci\u00f3n de estrategias efectivas implica la coordinaci\u00f3n con diversas \u00e1reas, instituciones y sectores. <\/p><p><br><\/p>\n<p>En este sentido, el conocimiento, an\u00e1lisis y reflexi\u00f3n de la PPP estatal y federal por parte de las y los actores que convivimos con los procesos de investigaci\u00f3n y procuraci\u00f3n de justicia cobra un sentido trascendental. Despu\u00e9s de todo, nuestro trabajo se asemeja a la llave que las personas necesitan tener en mano para poder abrir la puerta de acceso a la b\u00fasqueda de la verdad, la reparaci\u00f3n integral del da\u00f1o, as\u00ed como para garantizar la no repetici\u00f3n de hechos que lesionen el libre desarrollo. La llave para acceder a mundos donde prevalezca la confianza, el respeto, la consideraci\u00f3n y la admiraci\u00f3n; mundos en donde todas las personas cuentan con herramientas para poder \u201cser\u201d y vivir en libertad. <\/p>\t\t\t\t\t<\/div>\n\t\t\t\t\t\t<\/div>\n\t\t\t\t<\/div>\n\t\t\t\t<div class=\"elementor-element elementor-element-e9581b0 elementor-widget elementor-widget-spacer\" data-id=\"e9581b0\" data-element_type=\"widget\" data-widget_type=\"spacer.default\">\n\t\t\t\t<div class=\"elementor-widget-container\">\n\t\t\t\t\t<div class=\"elementor-spacer\">\n\t\t\t<div class=\"elementor-spacer-inner\"><\/div>\n\t\t<\/div>\n\t\t\t\t<\/div>\n\t\t\t\t<\/div>\n\t\t\t\t<div class=\"elementor-element elementor-element-be8065b elementor-widget elementor-widget-spacer\" data-id=\"be8065b\" data-element_type=\"widget\" data-widget_type=\"spacer.default\">\n\t\t\t\t<div class=\"elementor-widget-container\">\n\t\t\t\t\t<div class=\"elementor-spacer\">\n\t\t\t<div class=\"elementor-spacer-inner\"><\/div>\n\t\t<\/div>\n\t\t\t\t<\/div>\n\t\t\t\t<\/div>\n\t\t\t\t\t\t<\/div>\n\t\t\t\t\t<\/div>\n\t\t<\/div>\n\t\t\t\t\t\t\t\t<\/div>\n\t\t\t\t\t<\/div>\n\t\t<\/section>\n\t\t\t\t<section class=\"elementor-section elementor-top-section elementor-element elementor-element-11b144a elementor-section-boxed elementor-section-height-default elementor-section-height-default neuron-fixed-no\" data-id=\"11b144a\" data-element_type=\"section\">\n\t\t\t\t\t\t<div class=\"elementor-container elementor-column-gap-default\">\n\t\t\t\t\t\t\t<div class=\"elementor-row\">\n\t\t\t\t\t<div class=\"elementor-column elementor-col-100 elementor-top-column elementor-element elementor-element-0ef1c27\" data-id=\"0ef1c27\" data-element_type=\"column\">\n\t\t\t<div class=\"elementor-column-wrap elementor-element-populated\">\n\t\t\t\t\t\t\t<div class=\"elementor-widget-wrap\">\n\t\t\t\t\t\t<div class=\"elementor-element elementor-element-7048f15 elementor-widget elementor-widget-spacer\" data-id=\"7048f15\" data-element_type=\"widget\" data-widget_type=\"spacer.default\">\n\t\t\t\t<div class=\"elementor-widget-container\">\n\t\t\t\t\t<div class=\"elementor-spacer\">\n\t\t\t<div class=\"elementor-spacer-inner\"><\/div>\n\t\t<\/div>\n\t\t\t\t<\/div>\n\t\t\t\t<\/div>\n\t\t\t\t\t\t<\/div>\n\t\t\t\t\t<\/div>\n\t\t<\/div>\n\t\t\t\t\t\t\t\t<\/div>\n\t\t\t\t\t<\/div>\n\t\t<\/section>\n\t\t\t\t<section class=\"elementor-section elementor-top-section elementor-element elementor-element-f0e8163 elementor-section-boxed elementor-section-height-default elementor-section-height-default neuron-fixed-no\" data-id=\"f0e8163\" data-element_type=\"section\">\n\t\t\t\t\t\t<div class=\"elementor-container elementor-column-gap-default\">\n\t\t\t\t\t\t\t<div class=\"elementor-row\">\n\t\t\t\t\t<div class=\"elementor-column elementor-col-100 elementor-top-column elementor-element elementor-element-af30328\" data-id=\"af30328\" data-element_type=\"column\">\n\t\t\t<div class=\"elementor-column-wrap elementor-element-populated\">\n\t\t\t\t\t\t\t<div class=\"elementor-widget-wrap\">\n\t\t\t\t\t\t<div class=\"elementor-element elementor-element-78d28e4 elementor-widget elementor-widget-spacer\" data-id=\"78d28e4\" data-element_type=\"widget\" data-widget_type=\"spacer.default\">\n\t\t\t\t<div class=\"elementor-widget-container\">\n\t\t\t\t\t<div class=\"elementor-spacer\">\n\t\t\t<div class=\"elementor-spacer-inner\"><\/div>\n\t\t<\/div>\n\t\t\t\t<\/div>\n\t\t\t\t<\/div>\n\t\t\t\t\t\t<\/div>\n\t\t\t\t\t<\/div>\n\t\t<\/div>\n\t\t\t\t\t\t\t\t<\/div>\n\t\t\t\t\t<\/div>\n\t\t<\/section>\n\t\t\t\t\t\t\t\t\t<\/div>\n\t\t\t<\/div>\n\t\t\t\t\t<\/div>\n\t\t","protected":false},"excerpt":{"rendered":"<p>Sobre la Pol\u00edtica de Persecuci\u00f3n Penal, una de las herramientas m\u00e1s poderosas para la transformaci\u00f3n de los mecanismos de atenci\u00f3n de las personas que recurren al auxilio de instancias de investigaci\u00f3n y persecuci\u00f3n penal.<\/p>\n","protected":false},"author":3,"featured_media":50908,"comment_status":"closed","ping_status":"closed","sticky":false,"template":"elementor_header_footer","format":"standard","meta":[],"categories":[70],"tags":[69,68],"acf":[],"_links":{"self":[{"href":"https:\/\/cejume.mx\/index.php\/wp-json\/wp\/v2\/posts\/51280"}],"collection":[{"href":"https:\/\/cejume.mx\/index.php\/wp-json\/wp\/v2\/posts"}],"about":[{"href":"https:\/\/cejume.mx\/index.php\/wp-json\/wp\/v2\/types\/post"}],"author":[{"embeddable":true,"href":"https:\/\/cejume.mx\/index.php\/wp-json\/wp\/v2\/users\/3"}],"replies":[{"embeddable":true,"href":"https:\/\/cejume.mx\/index.php\/wp-json\/wp\/v2\/comments?post=51280"}],"version-history":[{"count":13,"href":"https:\/\/cejume.mx\/index.php\/wp-json\/wp\/v2\/posts\/51280\/revisions"}],"predecessor-version":[{"id":51297,"href":"https:\/\/cejume.mx\/index.php\/wp-json\/wp\/v2\/posts\/51280\/revisions\/51297"}],"wp:featuredmedia":[{"embeddable":true,"href":"https:\/\/cejume.mx\/index.php\/wp-json\/wp\/v2\/media\/50908"}],"wp:attachment":[{"href":"https:\/\/cejume.mx\/index.php\/wp-json\/wp\/v2\/media?parent=51280"}],"wp:term":[{"taxonomy":"category","embeddable":true,"href":"https:\/\/cejume.mx\/index.php\/wp-json\/wp\/v2\/categories?post=51280"},{"taxonomy":"post_tag","embeddable":true,"href":"https:\/\/cejume.mx\/index.php\/wp-json\/wp\/v2\/tags?post=51280"}],"curies":[{"name":"wp","href":"https:\/\/api.w.org\/{rel}","templated":true}]}}